{"id":416835,"date":"2016-10-19T11:35:35","date_gmt":"2016-10-19T11:35:35","guid":{"rendered":"http:\/\/www.tunisietuning.com\/magazine\/?p=416835"},"modified":"2018-02-09T13:17:30","modified_gmt":"2018-02-09T13:17:30","slug":"la-nouvelle-kia-rio","status":"publish","type":"post","link":"https:\/\/motors.tn\/magazine\/actualites\/la-nouvelle-kia-rio\/","title":{"rendered":"La nouvelle Kia Rio"},"content":{"rendered":"<p style=\"text-align: justify;\">Le design de la nouvelle Rio est l\u2019\u0153uvre des studios de design allemand et californien de Kia, qui ont travaill\u00e9 en \u00e9troite coop\u00e9ration avec le quartier g\u00e9n\u00e9ral en charge du design mondial de la marque, \u00e0 Namyang, en Cor\u00e9e. Le look de la nouvelle Rio se caract\u00e9rise par des lignes \u00e9tir\u00e9es et des surfaces au model\u00e9 subtil, qui conf\u00e8rent \u00e0 la voiture sa nouvelle allure distinctive et assur\u00e9e.<\/p>\n<p style=\"text-align: justify;\"><strong>Un design de carrosserie progressiste<\/strong><\/p>\n<p style=\"text-align: justify;\">\u00c0 l\u2019avant, la Rio arbore la toute derni\u00e8re \u00e9volution de la calandre signature \u2018Tigernose\u2019 caract\u00e9ristique de Kia. Maintenant moins haute, elle occupe presque toute la largeur de la proue. Des phares \u00e0 projection int\u00e9gr\u00e9s \u00e0 double fonction \u2013 eux aussi plus minces et plus sculpturaux que ceux de sa devanci\u00e8re \u2013 affichent une nouvelle signature lumineuse \u00e0 LED en forme de U. Les changements apport\u00e9s \u00e0 la partie avant de la voiture, y compris le d\u00e9placement des phares antibrouillards vers les extr\u00e9mit\u00e9s et d\u00e9sormais int\u00e9gr\u00e9s au pare-chocs, ont pour but d\u2019accro\u00eetre sa pr\u00e9sence visuelle en la campant mieux sur la route. La nouvelle Rio s\u2019est \u00e9largie de 5 mm (\u00e0 1725 mm), ce qui accentue encore cet effet.<\/p>\n<p style=\"text-align: justify;\">De profil, les proportions allong\u00e9es et plus \u00e9quilibr\u00e9es de la Rio quatri\u00e8me g\u00e9n\u00e9ration sont obtenues \u00e0 l\u2019aide d\u2019un long capot et d\u2019un porte-\u00e0-faux avant plus long, avec un empattement qui s\u2019est allong\u00e9 de 10 mm (\u00e0 2580 mm), un montant de pavillon arri\u00e8re plus filigrane et plus vertical et un porte-\u00e0-faux arri\u00e8re plus court. En longueur hors-tout, la nouvelle version mesure 15 mm de plus que sa devanci\u00e8re (maintenant 4065 mm de long) et elle s\u2019est abaiss\u00e9e de 5 mm (\u00e0 1450 mm). Des lignes \u00e9pur\u00e9es et clairement d\u00e9finies s\u2019\u00e9tirent sur toute la longueur des \u00e9paules de la voiture et soulignent ses porti\u00e8res, allongeant encore plus les lignes g\u00e9n\u00e9rales de la voiture pour un look plus robuste et assur\u00e9.<\/p>\n<p style=\"text-align: justify;\">La partie arri\u00e8re de la Rio est maintenant plus verticale, avec une lunette arri\u00e8re quasi verticale elle aussi et un porte-\u00e0-faux plus court. La ligne droite qui s\u2019\u00e9chappe depuis la calandre, soulignant les phares et s\u2019\u00e9tirant le long du haut des porti\u00e8res, se prolonge le long de la partie arri\u00e8re de la voiture pour venir mourir \u00e0 hauteur des feux arri\u00e8re, plus minces et plus sculpturaux, qui cr\u00e9ent maintenant une signature lumineuse \u00e0 LED in\u00e9dite en forme de fl\u00e8che. \u00c0 l\u2019instar de la proue qui s\u2019est \u00e9largie, le design arri\u00e8re de la nouvelle Rio lui conf\u00e8re une allure g\u00e9n\u00e9rale plus musculeuse.<\/p>\n<p style=\"text-align: center;\"><img decoding=\"async\" class=\"aligncenter size-full wp-image-416837\" src=\"https:\/\/motors.tn\/magazine\/wp-content\/uploads\/2016\/10\/New-Kia-Rio-2107-interior-1-1.jpg\" alt=\"New-Kia-Rio-2107-interior-1-1\" width=\"1171\" height=\"768\" srcset=\"https:\/\/motors.tn\/magazine\/wp-content\/uploads\/2016\/10\/New-Kia-Rio-2107-interior-1-1.jpg 1171w, https:\/\/motors.tn\/magazine\/wp-content\/uploads\/2016\/10\/New-Kia-Rio-2107-interior-1-1-300x197.jpg 300w, https:\/\/motors.tn\/magazine\/wp-content\/uploads\/2016\/10\/New-Kia-Rio-2107-interior-1-1-1024x672.jpg 1024w, https:\/\/motors.tn\/magazine\/wp-content\/uploads\/2016\/10\/New-Kia-Rio-2107-interior-1-1-175x115.jpg 175w, https:\/\/motors.tn\/magazine\/wp-content\/uploads\/2016\/10\/New-Kia-Rio-2107-interior-1-1-450x295.jpg 450w, https:\/\/motors.tn\/magazine\/wp-content\/uploads\/2016\/10\/New-Kia-Rio-2107-interior-1-1-768x504.jpg 768w, https:\/\/motors.tn\/magazine\/wp-content\/uploads\/2016\/10\/New-Kia-Rio-2107-interior-1-1-600x394.jpg 600w, https:\/\/motors.tn\/magazine\/wp-content\/uploads\/2016\/10\/New-Kia-Rio-2107-interior-1-1-90x60.jpg 90w, https:\/\/motors.tn\/magazine\/wp-content\/uploads\/2016\/10\/New-Kia-Rio-2107-interior-1-1-572x375.jpg 572w\" sizes=\"(max-width: 1171px) 100vw, 1171px\" \/><\/p>\n<p style=\"text-align: justify;\"><strong>Un habitacle moderne et orient\u00e9 vers le conducteur<\/strong><\/p>\n<p style=\"text-align: justify;\">La nouvelle Kia Rio veut offrir \u00e0 ses conducteurs un design d\u2019habitacle nouveau et moderne, int\u00e9grant des formes sculpturales et une architecture plus ergonomique que cela n\u2019\u00e9tait le cas avec sa devanci\u00e8re.<\/p>\n<p style=\"text-align: justify;\">\u00c0 l\u2019instar de l\u2019ext\u00e9rieur, des lignes droites soulignant toute la largeur du tableau de bord caract\u00e9risent l\u2019architecture int\u00e9rieure, conf\u00e9rant \u00e0 l\u2019habitacle plus d\u2019ampleur et accentuant la sensation d\u2019espace dont jouissent les occupants.<\/p>\n<p style=\"text-align: justify;\">Le tableau de bord lui-m\u00eame est d\u00e9sormais l\u00e9g\u00e8rement orient\u00e9 vers le conducteur et comporte en son centre un nouveau syst\u00e8me d\u2019infodivertissement, une HMI (interface homme-machine) \u2018flottante\u2019, avec un \u00e9cran haute r\u00e9solution pour commander les nouveaux syst\u00e8mes audio, de navigation et de connectivit\u00e9 de la Rio. La nouvelle HMI a permis \u00e0 Kia de r\u00e9duire le nombre de boutons sur la console m\u00e9diane.<\/p>\n<p style=\"text-align: justify;\">La nouvelle Rio est disponible avec un choix de rev\u00eatements de si\u00e8ges en tissu de couleur noire ou grise ou bien avec un similicuir noir ou gris. Un \u2018Red Pack\u2019 pour la Rio propose aux acheteurs des si\u00e8ges en tissu noir combin\u00e9 \u00e0 un similicuir rouge pour l\u2019ensemble du cockpit. L\u2019habitacle lui-m\u00eame se distingue par des inserts noirs et m\u00e9tallis\u00e9s brillants, signes d\u2019une finition plus moderne.<\/p>\n<p style=\"text-align: justify;\"><strong>D\u00e9but de la production fin 2016<\/strong><\/p>\n<p style=\"text-align: justify;\">La toute nouvelle Rio veut offrir \u00e0 ses acheteurs un caract\u00e8re pratique et une technologie de s\u00e9curit\u00e9 qui se veulent les meilleurs de sa cat\u00e9gorie, les fonctionnalit\u00e9s de connectivit\u00e9 les plus modernes, un confort de conduite plus s\u00fbr et attirant ainsi que d\u2019excellentes caract\u00e9ristiques en mati\u00e8re de comportement.<\/p>\n<p style=\"text-align: justify;\">La Kia Rio est le best-seller mondial du constructeur cor\u00e9en avec plus de 473 000 exemplaires vendus dans le monde en 2015. La prochaine g\u00e9n\u00e9ration va entrer en production vers la fin de l\u2019ann\u00e9e 2016 pour l\u2019Europe, avec des dates de production pour les autres r\u00e9gions qui seront annonc\u00e9es peu avant son lancement.<\/p>\n<p style=\"text-align: justify;\"><em>D\u2019apr\u00e8s communiqu\u00e9.\u00a0<\/em><\/p>\n<p style=\"text-align: justify;\">\n","protected":false},"excerpt":{"rendered":"<p>Le design de la nouvelle Rio est l\u2019\u0153uvre des studios de design allemand et californien de Kia, qui ont travaill\u00e9 en \u00e9troite coop\u00e9ration avec le quartier g\u00e9n\u00e9ral en charge du design mondial de la marque, \u00e0 Namyang, en Cor\u00e9e. Le look de la nouvelle Rio se caract\u00e9rise par des lignes \u00e9tir\u00e9es et des surfaces au &#8230; <a title=\"La nouvelle Kia Rio\" class=\"read-more\" href=\"https:\/\/motors.tn\/magazine\/actualites\/la-nouvelle-kia-rio\/\" aria-label=\"En savoir plus sur La nouvelle Kia Rio\">Lire la suite<\/a><\/p>\n","protected":false},"author":1,"featured_media":416836,"comment_status":"closed","ping_status":"closed","sticky":false,"template":"","format":"standard","meta":{"footnotes":""},"categories":[62],"tags":[240],"class_list":["post-416835","post","type-post","status-publish","format-standard","has-post-thumbnail","hentry","category-actualites","tag-kia-tunisie"],"yoast_head":"<!-- This site is optimized with the Yoast SEO plugin v25.7 - https:\/\/yoast.com\/wordpress\/plugins\/seo\/ -->\n<title>La nouvelle Kia Rio - Motors.tn<\/title>\n<meta name=\"description\" content=\"Le look de la nouvelle Kia Rio se caract\u00e9rise par des lignes \u00e9tir\u00e9es et des surfaces au model\u00e9 subtil, qui conf\u00e8rent \u00e0 la voiture sa nouvelle allure distinctive et assur\u00e9e.\" \/>\n<meta name=\"robots\" content=\"index, follow, max-snippet:-1, max-image-preview:large, max-video-preview:-1\" \/>\n<link rel=\"canonical\" href=\"https:\/\/motors.tn\/magazine\/actualites\/la-nouvelle-kia-rio\/\" \/>\n<meta property=\"og:locale\" content=\"fr_FR\" \/>\n<meta property=\"og:type\" content=\"article\" \/>\n<meta property=\"og:title\" content=\"La nouvelle Kia Rio - Motors.tn\" \/>\n<meta property=\"og:description\" content=\"Le look de la nouvelle Kia Rio se caract\u00e9rise par des lignes \u00e9tir\u00e9es et des surfaces au model\u00e9 subtil, qui conf\u00e8rent \u00e0 la voiture sa nouvelle allure distinctive et assur\u00e9e.\" \/>\n<meta property=\"og:url\" content=\"https:\/\/motors.tn\/magazine\/actualites\/la-nouvelle-kia-rio\/\" \/>\n<meta property=\"og:site_name\" content=\"Motors.tn\" \/>\n<meta property=\"article:published_time\" content=\"2016-10-19T11:35:35+00:00\" \/>\n<meta property=\"article:modified_time\" content=\"2018-02-09T13:17:30+00:00\" \/>\n<meta property=\"og:image\" content=\"https:\/\/motors.tn\/magazine\/wp-content\/uploads\/2016\/10\/New-Kia-Rio-2017-exterior-dynamic-3-3.jpg\" \/>\n\t<meta property=\"og:image:width\" content=\"1152\" \/>\n\t<meta property=\"og:image:height\" content=\"768\" \/>\n\t<meta property=\"og:image:type\" content=\"image\/jpeg\" \/>\n<meta name=\"author\" content=\"MC\" \/>\n<meta name=\"twitter:label1\" content=\"\u00c9crit par\" \/>\n\t<meta name=\"twitter:data1\" content=\"\" \/>\n\t<meta name=\"twitter:label2\" content=\"Dur\u00e9e de lecture estim\u00e9e\" \/>\n\t<meta name=\"twitter:data2\" content=\"4 minutes\" \/>\n<script type=\"application\/ld+json\" class=\"yoast-schema-graph\">{\"@context\":\"https:\/\/schema.org\",\"@graph\":[{\"@type\":\"Article\",\"@id\":\"https:\/\/motors.tn\/magazine\/actualites\/la-nouvelle-kia-rio\/#article\",\"isPartOf\":{\"@id\":\"https:\/\/motors.tn\/magazine\/actualites\/la-nouvelle-kia-rio\/\"},\"author\":{\"name\":\"MC\",\"@id\":\"https:\/\/motors.tn\/magazine\/#\/schema\/person\/d4ce4a963fee7f00714b50188305429a\"},\"headline\":\"La nouvelle Kia Rio\",\"datePublished\":\"2016-10-19T11:35:35+00:00\",\"dateModified\":\"2018-02-09T13:17:30+00:00\",\"mainEntityOfPage\":{\"@id\":\"https:\/\/motors.tn\/magazine\/actualites\/la-nouvelle-kia-rio\/\"},\"wordCount\":806,\"publisher\":{\"@id\":\"https:\/\/motors.tn\/magazine\/#organization\"},\"image\":{\"@id\":\"https:\/\/motors.tn\/magazine\/actualites\/la-nouvelle-kia-rio\/#primaryimage\"},\"thumbnailUrl\":\"https:\/\/motors.tn\/magazine\/wp-content\/uploads\/2016\/10\/New-Kia-Rio-2017-exterior-dynamic-3-3.jpg\",\"keywords\":[\"Kia\"],\"articleSection\":[\"Actualit\u00e9s\"],\"inLanguage\":\"fr-FR\"},{\"@type\":\"WebPage\",\"@id\":\"https:\/\/motors.tn\/magazine\/actualites\/la-nouvelle-kia-rio\/\",\"url\":\"https:\/\/motors.tn\/magazine\/actualites\/la-nouvelle-kia-rio\/\",\"name\":\"La nouvelle Kia Rio - Motors.tn\",\"isPartOf\":{\"@id\":\"https:\/\/motors.tn\/magazine\/#website\"},\"primaryImageOfPage\":{\"@id\":\"https:\/\/motors.tn\/magazine\/actualites\/la-nouvelle-kia-rio\/#primaryimage\"},\"image\":{\"@id\":\"https:\/\/motors.tn\/magazine\/actualites\/la-nouvelle-kia-rio\/#primaryimage\"},\"thumbnailUrl\":\"https:\/\/motors.tn\/magazine\/wp-content\/uploads\/2016\/10\/New-Kia-Rio-2017-exterior-dynamic-3-3.jpg\",\"datePublished\":\"2016-10-19T11:35:35+00:00\",\"dateModified\":\"2018-02-09T13:17:30+00:00\",\"description\":\"Le look de la nouvelle Kia Rio se caract\u00e9rise par des lignes \u00e9tir\u00e9es et des surfaces au model\u00e9 subtil, qui conf\u00e8rent \u00e0 la voiture sa nouvelle allure distinctive et assur\u00e9e.\",\"breadcrumb\":{\"@id\":\"https:\/\/motors.tn\/magazine\/actualites\/la-nouvelle-kia-rio\/#breadcrumb\"},\"inLanguage\":\"fr-FR\",\"potentialAction\":[{\"@type\":\"ReadAction\",\"target\":[\"https:\/\/motors.tn\/magazine\/actualites\/la-nouvelle-kia-rio\/\"]}]},{\"@type\":\"ImageObject\",\"inLanguage\":\"fr-FR\",\"@id\":\"https:\/\/motors.tn\/magazine\/actualites\/la-nouvelle-kia-rio\/#primaryimage\",\"url\":\"https:\/\/motors.tn\/magazine\/wp-content\/uploads\/2016\/10\/New-Kia-Rio-2017-exterior-dynamic-3-3.jpg\",\"contentUrl\":\"https:\/\/motors.tn\/magazine\/wp-content\/uploads\/2016\/10\/New-Kia-Rio-2017-exterior-dynamic-3-3.jpg\",\"width\":1152,\"height\":768},{\"@type\":\"BreadcrumbList\",\"@id\":\"https:\/\/motors.tn\/magazine\/actualites\/la-nouvelle-kia-rio\/#breadcrumb\",\"itemListElement\":[{\"@type\":\"ListItem\",\"position\":1,\"name\":\"Motors.tn\",\"item\":\"https:\/\/motors.tn\/magazine\/\"},{\"@type\":\"ListItem\",\"position\":2,\"name\":\"Actualit\u00e9s\",\"item\":\"https:\/\/motors.tn\/magazine\/category\/actualites\/\"},{\"@type\":\"ListItem\",\"position\":3,\"name\":\"La nouvelle Kia Rio\"}]},{\"@type\":\"WebSite\",\"@id\":\"https:\/\/motors.tn\/magazine\/#website\",\"url\":\"https:\/\/motors.tn\/magazine\/\",\"name\":\"Motors.tn\",\"description\":\"Actualit\u00e9, prix du neuf et guide d&#039;achat\",\"publisher\":{\"@id\":\"https:\/\/motors.tn\/magazine\/#organization\"},\"potentialAction\":[{\"@type\":\"SearchAction\",\"target\":{\"@type\":\"EntryPoint\",\"urlTemplate\":\"https:\/\/motors.tn\/magazine\/?s={search_term_string}\"},\"query-input\":{\"@type\":\"PropertyValueSpecification\",\"valueRequired\":true,\"valueName\":\"search_term_string\"}}],\"inLanguage\":\"fr-FR\"},{\"@type\":\"Organization\",\"@id\":\"https:\/\/motors.tn\/magazine\/#organization\",\"name\":\"Strat\u00e9gie Digitale\",\"url\":\"https:\/\/motors.tn\/magazine\/\",\"logo\":{\"@type\":\"ImageObject\",\"inLanguage\":\"fr-FR\",\"@id\":\"https:\/\/motors.tn\/magazine\/#\/schema\/logo\/image\/\",\"url\":\"https:\/\/motors.tn\/magazine\/wp-content\/uploads\/2020\/05\/cropped-cropped-logo9bleu.png\",\"contentUrl\":\"https:\/\/motors.tn\/magazine\/wp-content\/uploads\/2020\/05\/cropped-cropped-logo9bleu.png\",\"width\":277,\"height\":44,\"caption\":\"Strat\u00e9gie Digitale\"},\"image\":{\"@id\":\"https:\/\/motors.tn\/magazine\/#\/schema\/logo\/image\/\"}},{\"@type\":\"Person\",\"@id\":\"https:\/\/motors.tn\/magazine\/#\/schema\/person\/d4ce4a963fee7f00714b50188305429a\",\"name\":\"MC\",\"image\":{\"@type\":\"ImageObject\",\"inLanguage\":\"fr-FR\",\"@id\":\"https:\/\/motors.tn\/magazine\/#\/schema\/person\/image\/\",\"url\":\"https:\/\/secure.gravatar.com\/avatar\/b10dd08b43fe5d20fb88bcbf0627ade543991d0e589411257ad439489ea1c842?s=96&d=mm&r=g\",\"contentUrl\":\"https:\/\/secure.gravatar.com\/avatar\/b10dd08b43fe5d20fb88bcbf0627ade543991d0e589411257ad439489ea1c842?s=96&d=mm&r=g\",\"caption\":\"MC\"},\"url\":\"https:\/\/motors.tn\/magazine\/author\/jrurijnfh2\/\"}]}<\/script>\n<!-- \/ Yoast SEO plugin. -->","yoast_head_json":{"title":"La nouvelle Kia Rio - Motors.tn","description":"Le look de la nouvelle Kia Rio se caract\u00e9rise par des lignes \u00e9tir\u00e9es et des surfaces au model\u00e9 subtil, qui conf\u00e8rent \u00e0 la voiture sa nouvelle allure distinctive et assur\u00e9e.","robots":{"index":"index","follow":"follow","max-snippet":"max-snippet:-1","max-image-preview":"max-image-preview:large","max-video-preview":"max-video-preview:-1"},"canonical":"https:\/\/motors.tn\/magazine\/actualites\/la-nouvelle-kia-rio\/","og_locale":"fr_FR","og_type":"article","og_title":"La nouvelle Kia Rio - Motors.tn","og_description":"Le look de la nouvelle Kia Rio se caract\u00e9rise par des lignes \u00e9tir\u00e9es et des surfaces au model\u00e9 subtil, qui conf\u00e8rent \u00e0 la voiture sa nouvelle allure distinctive et assur\u00e9e.","og_url":"https:\/\/motors.tn\/magazine\/actualites\/la-nouvelle-kia-rio\/","og_site_name":"Motors.tn","article_published_time":"2016-10-19T11:35:35+00:00","article_modified_time":"2018-02-09T13:17:30+00:00","og_image":[{"width":1152,"height":768,"url":"https:\/\/motors.tn\/magazine\/wp-content\/uploads\/2016\/10\/New-Kia-Rio-2017-exterior-dynamic-3-3.jpg","type":"image\/jpeg"}],"author":"MC","twitter_misc":{"\u00c9crit par":false,"Dur\u00e9e de lecture estim\u00e9e":"4 minutes"},"schema":{"@context":"https:\/\/schema.org","@graph":[{"@type":"Article","@id":"https:\/\/motors.tn\/magazine\/actualites\/la-nouvelle-kia-rio\/#article","isPartOf":{"@id":"https:\/\/motors.tn\/magazine\/actualites\/la-nouvelle-kia-rio\/"},"author":{"name":"MC","@id":"https:\/\/motors.tn\/magazine\/#\/schema\/person\/d4ce4a963fee7f00714b50188305429a"},"headline":"La nouvelle Kia Rio","datePublished":"2016-10-19T11:35:35+00:00","dateModified":"2018-02-09T13:17:30+00:00","mainEntityOfPage":{"@id":"https:\/\/motors.tn\/magazine\/actualites\/la-nouvelle-kia-rio\/"},"wordCount":806,"publisher":{"@id":"https:\/\/motors.tn\/magazine\/#organization"},"image":{"@id":"https:\/\/motors.tn\/magazine\/actualites\/la-nouvelle-kia-rio\/#primaryimage"},"thumbnailUrl":"https:\/\/motors.tn\/magazine\/wp-content\/uploads\/2016\/10\/New-Kia-Rio-2017-exterior-dynamic-3-3.jpg","keywords":["Kia"],"articleSection":["Actualit\u00e9s"],"inLanguage":"fr-FR"},{"@type":"WebPage","@id":"https:\/\/motors.tn\/magazine\/actualites\/la-nouvelle-kia-rio\/","url":"https:\/\/motors.tn\/magazine\/actualites\/la-nouvelle-kia-rio\/","name":"La nouvelle Kia Rio - Motors.tn","isPartOf":{"@id":"https:\/\/motors.tn\/magazine\/#website"},"primaryImageOfPage":{"@id":"https:\/\/motors.tn\/magazine\/actualites\/la-nouvelle-kia-rio\/#primaryimage"},"image":{"@id":"https:\/\/motors.tn\/magazine\/actualites\/la-nouvelle-kia-rio\/#primaryimage"},"thumbnailUrl":"https:\/\/motors.tn\/magazine\/wp-content\/uploads\/2016\/10\/New-Kia-Rio-2017-exterior-dynamic-3-3.jpg","datePublished":"2016-10-19T11:35:35+00:00","dateModified":"2018-02-09T13:17:30+00:00","description":"Le look de la nouvelle Kia Rio se caract\u00e9rise par des lignes \u00e9tir\u00e9es et des surfaces au model\u00e9 subtil, qui conf\u00e8rent \u00e0 la voiture sa nouvelle allure distinctive et assur\u00e9e.","breadcrumb":{"@id":"https:\/\/motors.tn\/magazine\/actualites\/la-nouvelle-kia-rio\/#breadcrumb"},"inLanguage":"fr-FR","potentialAction":[{"@type":"ReadAction","target":["https:\/\/motors.tn\/magazine\/actualites\/la-nouvelle-kia-rio\/"]}]},{"@type":"ImageObject","inLanguage":"fr-FR","@id":"https:\/\/motors.tn\/magazine\/actualites\/la-nouvelle-kia-rio\/#primaryimage","url":"https:\/\/motors.tn\/magazine\/wp-content\/uploads\/2016\/10\/New-Kia-Rio-2017-exterior-dynamic-3-3.jpg","contentUrl":"https:\/\/motors.tn\/magazine\/wp-content\/uploads\/2016\/10\/New-Kia-Rio-2017-exterior-dynamic-3-3.jpg","width":1152,"height":768},{"@type":"BreadcrumbList","@id":"https:\/\/motors.tn\/magazine\/actualites\/la-nouvelle-kia-rio\/#breadcrumb","itemListElement":[{"@type":"ListItem","position":1,"name":"Motors.tn","item":"https:\/\/motors.tn\/magazine\/"},{"@type":"ListItem","position":2,"name":"Actualit\u00e9s","item":"https:\/\/motors.tn\/magazine\/category\/actualites\/"},{"@type":"ListItem","position":3,"name":"La nouvelle Kia Rio"}]},{"@type":"WebSite","@id":"https:\/\/motors.tn\/magazine\/#website","url":"https:\/\/motors.tn\/magazine\/","name":"Motors.tn","description":"Actualit\u00e9, prix du neuf et guide d&#039;achat","publisher":{"@id":"https:\/\/motors.tn\/magazine\/#organization"},"potentialAction":[{"@type":"SearchAction","target":{"@type":"EntryPoint","urlTemplate":"https:\/\/motors.tn\/magazine\/?s={search_term_string}"},"query-input":{"@type":"PropertyValueSpecification","valueRequired":true,"valueName":"search_term_string"}}],"inLanguage":"fr-FR"},{"@type":"Organization","@id":"https:\/\/motors.tn\/magazine\/#organization","name":"Strat\u00e9gie Digitale","url":"https:\/\/motors.tn\/magazine\/","logo":{"@type":"ImageObject","inLanguage":"fr-FR","@id":"https:\/\/motors.tn\/magazine\/#\/schema\/logo\/image\/","url":"https:\/\/motors.tn\/magazine\/wp-content\/uploads\/2020\/05\/cropped-cropped-logo9bleu.png","contentUrl":"https:\/\/motors.tn\/magazine\/wp-content\/uploads\/2020\/05\/cropped-cropped-logo9bleu.png","width":277,"height":44,"caption":"Strat\u00e9gie Digitale"},"image":{"@id":"https:\/\/motors.tn\/magazine\/#\/schema\/logo\/image\/"}},{"@type":"Person","@id":"https:\/\/motors.tn\/magazine\/#\/schema\/person\/d4ce4a963fee7f00714b50188305429a","name":"MC","image":{"@type":"ImageObject","inLanguage":"fr-FR","@id":"https:\/\/motors.tn\/magazine\/#\/schema\/person\/image\/","url":"https:\/\/secure.gravatar.com\/avatar\/b10dd08b43fe5d20fb88bcbf0627ade543991d0e589411257ad439489ea1c842?s=96&d=mm&r=g","contentUrl":"https:\/\/secure.gravatar.com\/avatar\/b10dd08b43fe5d20fb88bcbf0627ade543991d0e589411257ad439489ea1c842?s=96&d=mm&r=g","caption":"MC"},"url":"https:\/\/motors.tn\/magazine\/author\/jrurijnfh2\/"}]}},"_links":{"self":[{"href":"https:\/\/motors.tn\/magazine\/wp-json\/wp\/v2\/posts\/416835","targetHints":{"allow":["GET"]}}],"collection":[{"href":"https:\/\/motors.tn\/magazine\/wp-json\/wp\/v2\/posts"}],"about":[{"href":"https:\/\/motors.tn\/magazine\/wp-json\/wp\/v2\/types\/post"}],"author":[{"embeddable":true,"href":"https:\/\/motors.tn\/magazine\/wp-json\/wp\/v2\/users\/1"}],"replies":[{"embeddable":true,"href":"https:\/\/motors.tn\/magazine\/wp-json\/wp\/v2\/comments?post=416835"}],"version-history":[{"count":0,"href":"https:\/\/motors.tn\/magazine\/wp-json\/wp\/v2\/posts\/416835\/revisions"}],"wp:featuredmedia":[{"embeddable":true,"href":"https:\/\/motors.tn\/magazine\/wp-json\/wp\/v2\/media\/416836"}],"wp:attachment":[{"href":"https:\/\/motors.tn\/magazine\/wp-json\/wp\/v2\/media?parent=416835"}],"wp:term":[{"taxonomy":"category","embeddable":true,"href":"https:\/\/motors.tn\/magazine\/wp-json\/wp\/v2\/categories?post=416835"},{"taxonomy":"post_tag","embeddable":true,"href":"https:\/\/motors.tn\/magazine\/wp-json\/wp\/v2\/tags?post=416835"}],"curies":[{"name":"wp","href":"https:\/\/api.w.org\/{rel}","templated":true}]}}