{"id":416960,"date":"2016-12-14T11:16:21","date_gmt":"2016-12-14T11:16:21","guid":{"rendered":"http:\/\/www.tunisietuning.com\/magazine\/?p=416960"},"modified":"2018-02-09T14:37:18","modified_gmt":"2018-02-09T14:37:18","slug":"voiture-de-lannee-2017-les-finalistes","status":"publish","type":"post","link":"https:\/\/motors.tn\/magazine\/actualites\/voiture-de-lannee-2017-les-finalistes\/","title":{"rendered":"Voiture de l&rsquo;ann\u00e9e 2017 : Les finalistes"},"content":{"rendered":"<p style=\"text-align: justify;\">Apr\u00e8s une pr\u00e9-s\u00e9lection de 30 mod\u00e8les, le jury de la voiture de l&rsquo;ann\u00e9e a annonc\u00e9 le nom des 7 finalistes : Alfa Romeo Giulia, Citroen C3, Mercedes Classe E, Nissan Micra, Peugeot 3008, Toyota C-HR et Volvo S90\/V90. C&rsquo;est le 6 mars prochain, \u00e0 l&rsquo;occasion du salon de Gen\u00e8ve, que la voiture de l&rsquo;ann\u00e9e 2017 sera d\u00e9voil\u00e9e. Lors de la pr\u00e9c\u00e9dente \u00e9dition, c\u2019est l\u2019Opel Astra qui avait remport\u00e9 ce titre. Alfa Romeo ne l\u2019a pas remport\u00e9 depuis 2001 avec la 147, Citro\u00ebn avec la XM en 1990, Mercedes en 1974 avec la 450S (W116) et Nissan en 2011 avec la Leaf.<\/p>\n","protected":false},"excerpt":{"rendered":"<p>Apr\u00e8s une pr\u00e9-s\u00e9lection de 30 mod\u00e8les, le jury de la voiture de l&rsquo;ann\u00e9e a annonc\u00e9 le nom des 7 finalistes : Alfa Romeo Giulia, Citroen C3, Mercedes Classe E, Nissan Micra, Peugeot 3008, Toyota C-HR et Volvo S90\/V90. C&rsquo;est le 6 mars prochain, \u00e0 l&rsquo;occasion du salon de Gen\u00e8ve, que la voiture de l&rsquo;ann\u00e9e 2017 &#8230; <a title=\"Voiture de l&rsquo;ann\u00e9e 2017 : Les finalistes\" class=\"read-more\" href=\"https:\/\/motors.tn\/magazine\/actualites\/voiture-de-lannee-2017-les-finalistes\/\" aria-label=\"En savoir plus sur Voiture de l&rsquo;ann\u00e9e 2017 : Les finalistes\">Lire la suite<\/a><\/p>\n","protected":false},"author":1,"featured_media":416962,"comment_status":"closed","ping_status":"closed","sticky":false,"template":"","format":"standard","meta":{"footnotes":""},"categories":[62],"tags":[228,230,226,252],"class_list":["post-416960","post","type-post","status-publish","format-standard","has-post-thumbnail","hentry","category-actualites","tag-alfa-romeo-tunisie","tag-citroen-tunisie","tag-peugeot-tunisie","tag-volvo-tunisie"],"yoast_head":"<!-- This site is optimized with the Yoast SEO plugin v25.7 - https:\/\/yoast.com\/wordpress\/plugins\/seo\/ -->\n<title>Voiture de l&#039;ann\u00e9e 2017 : Les finalistes<\/title>\n<meta name=\"description\" content=\"Le jury a annonc\u00e9 le nom des 7 finalistes : Alfa Romeo Giulia, Citro\u00ebn C3, Mercedes Classe E, Nissan Micra, Peugeot 3008, Toyota C-HR et Volvo S90\/V90.\" \/>\n<meta name=\"robots\" content=\"index, follow, max-snippet:-1, max-image-preview:large, max-video-preview:-1\" \/>\n<link rel=\"canonical\" href=\"https:\/\/motors.tn\/magazine\/actualites\/voiture-de-lannee-2017-les-finalistes\/\" \/>\n<meta property=\"og:locale\" content=\"fr_FR\" \/>\n<meta property=\"og:type\" content=\"article\" \/>\n<meta property=\"og:title\" content=\"Voiture de l&#039;ann\u00e9e 2017 : Les finalistes\" \/>\n<meta property=\"og:description\" content=\"Le jury a annonc\u00e9 le nom des 7 finalistes : Alfa Romeo Giulia, Citro\u00ebn C3, Mercedes Classe E, Nissan Micra, Peugeot 3008, Toyota C-HR et Volvo S90\/V90.\" \/>\n<meta property=\"og:url\" content=\"https:\/\/motors.tn\/magazine\/actualites\/voiture-de-lannee-2017-les-finalistes\/\" \/>\n<meta property=\"og:site_name\" content=\"Motors.tn\" \/>\n<meta property=\"article:published_time\" content=\"2016-12-14T11:16:21+00:00\" \/>\n<meta property=\"article:modified_time\" content=\"2018-02-09T14:37:18+00:00\" \/>\n<meta property=\"og:image\" content=\"https:\/\/motors.tn\/magazine\/wp-content\/uploads\/2016\/12\/Car_of_the_year-voiture-de-lann\u00e9e.jpg\" \/>\n\t<meta property=\"og:image:width\" content=\"750\" \/>\n\t<meta property=\"og:image:height\" content=\"350\" \/>\n\t<meta property=\"og:image:type\" content=\"image\/jpeg\" \/>\n<meta name=\"author\" content=\"MC\" \/>\n<meta name=\"twitter:label1\" content=\"\u00c9crit par\" \/>\n\t<meta name=\"twitter:data1\" content=\"\" \/>\n\t<meta name=\"twitter:label2\" content=\"Dur\u00e9e de lecture estim\u00e9e\" \/>\n\t<meta name=\"twitter:data2\" content=\"1 minute\" \/>\n<script type=\"application\/ld+json\" class=\"yoast-schema-graph\">{\"@context\":\"https:\/\/schema.org\",\"@graph\":[{\"@type\":\"Article\",\"@id\":\"https:\/\/motors.tn\/magazine\/actualites\/voiture-de-lannee-2017-les-finalistes\/#article\",\"isPartOf\":{\"@id\":\"https:\/\/motors.tn\/magazine\/actualites\/voiture-de-lannee-2017-les-finalistes\/\"},\"author\":{\"name\":\"MC\",\"@id\":\"https:\/\/motors.tn\/magazine\/#\/schema\/person\/d4ce4a963fee7f00714b50188305429a\"},\"headline\":\"Voiture de l&rsquo;ann\u00e9e 2017 : Les finalistes\",\"datePublished\":\"2016-12-14T11:16:21+00:00\",\"dateModified\":\"2018-02-09T14:37:18+00:00\",\"mainEntityOfPage\":{\"@id\":\"https:\/\/motors.tn\/magazine\/actualites\/voiture-de-lannee-2017-les-finalistes\/\"},\"wordCount\":116,\"publisher\":{\"@id\":\"https:\/\/motors.tn\/magazine\/#organization\"},\"image\":{\"@id\":\"https:\/\/motors.tn\/magazine\/actualites\/voiture-de-lannee-2017-les-finalistes\/#primaryimage\"},\"thumbnailUrl\":\"https:\/\/motors.tn\/magazine\/wp-content\/uploads\/2016\/12\/Car_of_the_year-voiture-de-lann\u00e9e.jpg\",\"keywords\":[\"Alfa Romeo\",\"Citro\u00ebn\",\"Peugeot\",\"Volvo\"],\"articleSection\":[\"Actualit\u00e9s\"],\"inLanguage\":\"fr-FR\"},{\"@type\":\"WebPage\",\"@id\":\"https:\/\/motors.tn\/magazine\/actualites\/voiture-de-lannee-2017-les-finalistes\/\",\"url\":\"https:\/\/motors.tn\/magazine\/actualites\/voiture-de-lannee-2017-les-finalistes\/\",\"name\":\"Voiture de l'ann\u00e9e 2017 : Les finalistes\",\"isPartOf\":{\"@id\":\"https:\/\/motors.tn\/magazine\/#website\"},\"primaryImageOfPage\":{\"@id\":\"https:\/\/motors.tn\/magazine\/actualites\/voiture-de-lannee-2017-les-finalistes\/#primaryimage\"},\"image\":{\"@id\":\"https:\/\/motors.tn\/magazine\/actualites\/voiture-de-lannee-2017-les-finalistes\/#primaryimage\"},\"thumbnailUrl\":\"https:\/\/motors.tn\/magazine\/wp-content\/uploads\/2016\/12\/Car_of_the_year-voiture-de-lann\u00e9e.jpg\",\"datePublished\":\"2016-12-14T11:16:21+00:00\",\"dateModified\":\"2018-02-09T14:37:18+00:00\",\"description\":\"Le jury a annonc\u00e9 le nom des 7 finalistes : Alfa Romeo Giulia, Citro\u00ebn C3, Mercedes Classe E, Nissan Micra, Peugeot 3008, Toyota C-HR et Volvo S90\/V90.\",\"breadcrumb\":{\"@id\":\"https:\/\/motors.tn\/magazine\/actualites\/voiture-de-lannee-2017-les-finalistes\/#breadcrumb\"},\"inLanguage\":\"fr-FR\",\"potentialAction\":[{\"@type\":\"ReadAction\",\"target\":[\"https:\/\/motors.tn\/magazine\/actualites\/voiture-de-lannee-2017-les-finalistes\/\"]}]},{\"@type\":\"ImageObject\",\"inLanguage\":\"fr-FR\",\"@id\":\"https:\/\/motors.tn\/magazine\/actualites\/voiture-de-lannee-2017-les-finalistes\/#primaryimage\",\"url\":\"https:\/\/motors.tn\/magazine\/wp-content\/uploads\/2016\/12\/Car_of_the_year-voiture-de-lann\u00e9e.jpg\",\"contentUrl\":\"https:\/\/motors.tn\/magazine\/wp-content\/uploads\/2016\/12\/Car_of_the_year-voiture-de-lann\u00e9e.jpg\",\"width\":750,\"height\":350},{\"@type\":\"BreadcrumbList\",\"@id\":\"https:\/\/motors.tn\/magazine\/actualites\/voiture-de-lannee-2017-les-finalistes\/#breadcrumb\",\"itemListElement\":[{\"@type\":\"ListItem\",\"position\":1,\"name\":\"Motors.tn\",\"item\":\"https:\/\/motors.tn\/magazine\/\"},{\"@type\":\"ListItem\",\"position\":2,\"name\":\"Actualit\u00e9s\",\"item\":\"https:\/\/motors.tn\/magazine\/category\/actualites\/\"},{\"@type\":\"ListItem\",\"position\":3,\"name\":\"Voiture de l&rsquo;ann\u00e9e 2017 : Les finalistes\"}]},{\"@type\":\"WebSite\",\"@id\":\"https:\/\/motors.tn\/magazine\/#website\",\"url\":\"https:\/\/motors.tn\/magazine\/\",\"name\":\"Motors.tn\",\"description\":\"Actualit\u00e9, prix du neuf et guide d&#039;achat\",\"publisher\":{\"@id\":\"https:\/\/motors.tn\/magazine\/#organization\"},\"potentialAction\":[{\"@type\":\"SearchAction\",\"target\":{\"@type\":\"EntryPoint\",\"urlTemplate\":\"https:\/\/motors.tn\/magazine\/?s={search_term_string}\"},\"query-input\":{\"@type\":\"PropertyValueSpecification\",\"valueRequired\":true,\"valueName\":\"search_term_string\"}}],\"inLanguage\":\"fr-FR\"},{\"@type\":\"Organization\",\"@id\":\"https:\/\/motors.tn\/magazine\/#organization\",\"name\":\"Strat\u00e9gie Digitale\",\"url\":\"https:\/\/motors.tn\/magazine\/\",\"logo\":{\"@type\":\"ImageObject\",\"inLanguage\":\"fr-FR\",\"@id\":\"https:\/\/motors.tn\/magazine\/#\/schema\/logo\/image\/\",\"url\":\"https:\/\/motors.tn\/magazine\/wp-content\/uploads\/2020\/05\/cropped-cropped-logo9bleu.png\",\"contentUrl\":\"https:\/\/motors.tn\/magazine\/wp-content\/uploads\/2020\/05\/cropped-cropped-logo9bleu.png\",\"width\":277,\"height\":44,\"caption\":\"Strat\u00e9gie Digitale\"},\"image\":{\"@id\":\"https:\/\/motors.tn\/magazine\/#\/schema\/logo\/image\/\"}},{\"@type\":\"Person\",\"@id\":\"https:\/\/motors.tn\/magazine\/#\/schema\/person\/d4ce4a963fee7f00714b50188305429a\",\"name\":\"MC\",\"image\":{\"@type\":\"ImageObject\",\"inLanguage\":\"fr-FR\",\"@id\":\"https:\/\/motors.tn\/magazine\/#\/schema\/person\/image\/\",\"url\":\"https:\/\/secure.gravatar.com\/avatar\/b10dd08b43fe5d20fb88bcbf0627ade543991d0e589411257ad439489ea1c842?s=96&d=mm&r=g\",\"contentUrl\":\"https:\/\/secure.gravatar.com\/avatar\/b10dd08b43fe5d20fb88bcbf0627ade543991d0e589411257ad439489ea1c842?s=96&d=mm&r=g\",\"caption\":\"MC\"},\"url\":\"https:\/\/motors.tn\/magazine\/author\/jrurijnfh2\/\"}]}<\/script>\n<!-- \/ Yoast SEO plugin. -->","yoast_head_json":{"title":"Voiture de l'ann\u00e9e 2017 : Les finalistes","description":"Le jury a annonc\u00e9 le nom des 7 finalistes : Alfa Romeo Giulia, Citro\u00ebn C3, Mercedes Classe E, Nissan Micra, Peugeot 3008, Toyota C-HR et Volvo S90\/V90.","robots":{"index":"index","follow":"follow","max-snippet":"max-snippet:-1","max-image-preview":"max-image-preview:large","max-video-preview":"max-video-preview:-1"},"canonical":"https:\/\/motors.tn\/magazine\/actualites\/voiture-de-lannee-2017-les-finalistes\/","og_locale":"fr_FR","og_type":"article","og_title":"Voiture de l'ann\u00e9e 2017 : Les finalistes","og_description":"Le jury a annonc\u00e9 le nom des 7 finalistes : Alfa Romeo Giulia, Citro\u00ebn C3, Mercedes Classe E, Nissan Micra, Peugeot 3008, Toyota C-HR et Volvo S90\/V90.","og_url":"https:\/\/motors.tn\/magazine\/actualites\/voiture-de-lannee-2017-les-finalistes\/","og_site_name":"Motors.tn","article_published_time":"2016-12-14T11:16:21+00:00","article_modified_time":"2018-02-09T14:37:18+00:00","og_image":[{"width":750,"height":350,"url":"https:\/\/motors.tn\/magazine\/wp-content\/uploads\/2016\/12\/Car_of_the_year-voiture-de-lann\u00e9e.jpg","type":"image\/jpeg"}],"author":"MC","twitter_misc":{"\u00c9crit par":false,"Dur\u00e9e de lecture estim\u00e9e":"1 minute"},"schema":{"@context":"https:\/\/schema.org","@graph":[{"@type":"Article","@id":"https:\/\/motors.tn\/magazine\/actualites\/voiture-de-lannee-2017-les-finalistes\/#article","isPartOf":{"@id":"https:\/\/motors.tn\/magazine\/actualites\/voiture-de-lannee-2017-les-finalistes\/"},"author":{"name":"MC","@id":"https:\/\/motors.tn\/magazine\/#\/schema\/person\/d4ce4a963fee7f00714b50188305429a"},"headline":"Voiture de l&rsquo;ann\u00e9e 2017 : Les finalistes","datePublished":"2016-12-14T11:16:21+00:00","dateModified":"2018-02-09T14:37:18+00:00","mainEntityOfPage":{"@id":"https:\/\/motors.tn\/magazine\/actualites\/voiture-de-lannee-2017-les-finalistes\/"},"wordCount":116,"publisher":{"@id":"https:\/\/motors.tn\/magazine\/#organization"},"image":{"@id":"https:\/\/motors.tn\/magazine\/actualites\/voiture-de-lannee-2017-les-finalistes\/#primaryimage"},"thumbnailUrl":"https:\/\/motors.tn\/magazine\/wp-content\/uploads\/2016\/12\/Car_of_the_year-voiture-de-lann\u00e9e.jpg","keywords":["Alfa Romeo","Citro\u00ebn","Peugeot","Volvo"],"articleSection":["Actualit\u00e9s"],"inLanguage":"fr-FR"},{"@type":"WebPage","@id":"https:\/\/motors.tn\/magazine\/actualites\/voiture-de-lannee-2017-les-finalistes\/","url":"https:\/\/motors.tn\/magazine\/actualites\/voiture-de-lannee-2017-les-finalistes\/","name":"Voiture de l'ann\u00e9e 2017 : Les finalistes","isPartOf":{"@id":"https:\/\/motors.tn\/magazine\/#website"},"primaryImageOfPage":{"@id":"https:\/\/motors.tn\/magazine\/actualites\/voiture-de-lannee-2017-les-finalistes\/#primaryimage"},"image":{"@id":"https:\/\/motors.tn\/magazine\/actualites\/voiture-de-lannee-2017-les-finalistes\/#primaryimage"},"thumbnailUrl":"https:\/\/motors.tn\/magazine\/wp-content\/uploads\/2016\/12\/Car_of_the_year-voiture-de-lann\u00e9e.jpg","datePublished":"2016-12-14T11:16:21+00:00","dateModified":"2018-02-09T14:37:18+00:00","description":"Le jury a annonc\u00e9 le nom des 7 finalistes : Alfa Romeo Giulia, Citro\u00ebn C3, Mercedes Classe E, Nissan Micra, Peugeot 3008, Toyota C-HR et Volvo S90\/V90.","breadcrumb":{"@id":"https:\/\/motors.tn\/magazine\/actualites\/voiture-de-lannee-2017-les-finalistes\/#breadcrumb"},"inLanguage":"fr-FR","potentialAction":[{"@type":"ReadAction","target":["https:\/\/motors.tn\/magazine\/actualites\/voiture-de-lannee-2017-les-finalistes\/"]}]},{"@type":"ImageObject","inLanguage":"fr-FR","@id":"https:\/\/motors.tn\/magazine\/actualites\/voiture-de-lannee-2017-les-finalistes\/#primaryimage","url":"https:\/\/motors.tn\/magazine\/wp-content\/uploads\/2016\/12\/Car_of_the_year-voiture-de-lann\u00e9e.jpg","contentUrl":"https:\/\/motors.tn\/magazine\/wp-content\/uploads\/2016\/12\/Car_of_the_year-voiture-de-lann\u00e9e.jpg","width":750,"height":350},{"@type":"BreadcrumbList","@id":"https:\/\/motors.tn\/magazine\/actualites\/voiture-de-lannee-2017-les-finalistes\/#breadcrumb","itemListElement":[{"@type":"ListItem","position":1,"name":"Motors.tn","item":"https:\/\/motors.tn\/magazine\/"},{"@type":"ListItem","position":2,"name":"Actualit\u00e9s","item":"https:\/\/motors.tn\/magazine\/category\/actualites\/"},{"@type":"ListItem","position":3,"name":"Voiture de l&rsquo;ann\u00e9e 2017 : Les finalistes"}]},{"@type":"WebSite","@id":"https:\/\/motors.tn\/magazine\/#website","url":"https:\/\/motors.tn\/magazine\/","name":"Motors.tn","description":"Actualit\u00e9, prix du neuf et guide d&#039;achat","publisher":{"@id":"https:\/\/motors.tn\/magazine\/#organization"},"potentialAction":[{"@type":"SearchAction","target":{"@type":"EntryPoint","urlTemplate":"https:\/\/motors.tn\/magazine\/?s={search_term_string}"},"query-input":{"@type":"PropertyValueSpecification","valueRequired":true,"valueName":"search_term_string"}}],"inLanguage":"fr-FR"},{"@type":"Organization","@id":"https:\/\/motors.tn\/magazine\/#organization","name":"Strat\u00e9gie Digitale","url":"https:\/\/motors.tn\/magazine\/","logo":{"@type":"ImageObject","inLanguage":"fr-FR","@id":"https:\/\/motors.tn\/magazine\/#\/schema\/logo\/image\/","url":"https:\/\/motors.tn\/magazine\/wp-content\/uploads\/2020\/05\/cropped-cropped-logo9bleu.png","contentUrl":"https:\/\/motors.tn\/magazine\/wp-content\/uploads\/2020\/05\/cropped-cropped-logo9bleu.png","width":277,"height":44,"caption":"Strat\u00e9gie Digitale"},"image":{"@id":"https:\/\/motors.tn\/magazine\/#\/schema\/logo\/image\/"}},{"@type":"Person","@id":"https:\/\/motors.tn\/magazine\/#\/schema\/person\/d4ce4a963fee7f00714b50188305429a","name":"MC","image":{"@type":"ImageObject","inLanguage":"fr-FR","@id":"https:\/\/motors.tn\/magazine\/#\/schema\/person\/image\/","url":"https:\/\/secure.gravatar.com\/avatar\/b10dd08b43fe5d20fb88bcbf0627ade543991d0e589411257ad439489ea1c842?s=96&d=mm&r=g","contentUrl":"https:\/\/secure.gravatar.com\/avatar\/b10dd08b43fe5d20fb88bcbf0627ade543991d0e589411257ad439489ea1c842?s=96&d=mm&r=g","caption":"MC"},"url":"https:\/\/motors.tn\/magazine\/author\/jrurijnfh2\/"}]}},"_links":{"self":[{"href":"https:\/\/motors.tn\/magazine\/wp-json\/wp\/v2\/posts\/416960","targetHints":{"allow":["GET"]}}],"collection":[{"href":"https:\/\/motors.tn\/magazine\/wp-json\/wp\/v2\/posts"}],"about":[{"href":"https:\/\/motors.tn\/magazine\/wp-json\/wp\/v2\/types\/post"}],"author":[{"embeddable":true,"href":"https:\/\/motors.tn\/magazine\/wp-json\/wp\/v2\/users\/1"}],"replies":[{"embeddable":true,"href":"https:\/\/motors.tn\/magazine\/wp-json\/wp\/v2\/comments?post=416960"}],"version-history":[{"count":0,"href":"https:\/\/motors.tn\/magazine\/wp-json\/wp\/v2\/posts\/416960\/revisions"}],"wp:featuredmedia":[{"embeddable":true,"href":"https:\/\/motors.tn\/magazine\/wp-json\/wp\/v2\/media\/416962"}],"wp:attachment":[{"href":"https:\/\/motors.tn\/magazine\/wp-json\/wp\/v2\/media?parent=416960"}],"wp:term":[{"taxonomy":"category","embeddable":true,"href":"https:\/\/motors.tn\/magazine\/wp-json\/wp\/v2\/categories?post=416960"},{"taxonomy":"post_tag","embeddable":true,"href":"https:\/\/motors.tn\/magazine\/wp-json\/wp\/v2\/tags?post=416960"}],"curies":[{"name":"wp","href":"https:\/\/api.w.org\/{rel}","templated":true}]}}