{"id":500749,"date":"2026-01-25T21:27:33","date_gmt":"2026-01-25T20:27:33","guid":{"rendered":"https:\/\/motors.tn\/magazine\/?p=500749"},"modified":"2026-01-25T21:27:33","modified_gmt":"2026-01-25T20:27:33","slug":"les-victoires-de-lautomobile-2026-un-palmares-fonde-sur-des-indicateurs-objectifs","status":"publish","type":"post","link":"https:\/\/motors.tn\/magazine\/actualites\/les-victoires-de-lautomobile-2026-un-palmares-fonde-sur-des-indicateurs-objectifs\/","title":{"rendered":"\u00ab Les Victoires de l\u2019Automobile \u00bb 2026 : un palmar\u00e8s fond\u00e9 sur des indicateurs objectifs"},"content":{"rendered":"<p style=\"text-align: justify;\">Le secteur automobile en Tunisie a v\u00e9cu le 23 janvier 2026 un moment fort avec la tenue des \u00ab\u00a0Victoires de l\u2019Automobile\u00a0\u00bb, un \u00e9v\u00e9nement qui s\u2019est impos\u00e9 encore une fois comme une r\u00e9f\u00e9rence en mati\u00e8re d\u2019analyse, de reconnaissance et de valorisation des performances des acteurs du march\u00e9.<\/p>\n<p><img decoding=\"async\" class=\"aligncenter size-full wp-image-500780\" src=\"https:\/\/motors.tn\/magazine\/wp-content\/uploads\/2026\/01\/Les-Victoires-de-lAutomobile-2026-un-palmares-fonde-sur-des-indicateurs-objectifs-48.jpg\" alt=\"\" width=\"950\" height=\"634\" srcset=\"https:\/\/motors.tn\/magazine\/wp-content\/uploads\/2026\/01\/Les-Victoires-de-lAutomobile-2026-un-palmares-fonde-sur-des-indicateurs-objectifs-48.jpg 950w, https:\/\/motors.tn\/magazine\/wp-content\/uploads\/2026\/01\/Les-Victoires-de-lAutomobile-2026-un-palmares-fonde-sur-des-indicateurs-objectifs-48-300x200.jpg 300w, https:\/\/motors.tn\/magazine\/wp-content\/uploads\/2026\/01\/Les-Victoires-de-lAutomobile-2026-un-palmares-fonde-sur-des-indicateurs-objectifs-48-768x513.jpg 768w\" sizes=\"(max-width: 950px) 100vw, 950px\" \/><\/p>\n<p style=\"text-align: justify;\">Fruit de l\u2019expertise crois\u00e9e de deux professionnels de la communication et de l\u2019information automobile, H\u00e9di Hamdi et Sadri Skander, l\u2019organisation de cette deuxi\u00e8me \u00e9dition s\u2019est sold\u00e9e par un succ\u00e8s retentissant, r\u00e9unissant l\u2019\u00e9cosyst\u00e8me autour d\u2019une d\u00e9marche rigoureuse, cr\u00e9dible et r\u00e9solument tourn\u00e9e vers l\u2019excellence.<\/p>\n<p style=\"text-align: justify;\"><strong>Des partenaires de premier plan mobilis\u00e9s<\/strong><\/p>\n<p style=\"text-align: justify;\">A travers le concours de marques leaders, reconnues pour leur expertise sectorielle, \u00ab\u00a0Les Victoires de l\u2019Automobile\u00a0\u00bb ont b\u00e9n\u00e9fici\u00e9 de l\u2019implication de partenaires de premier plan, issus de la mobilit\u00e9, de l\u2019industrie et de la finance, qui partagent une vision commune de la performance durable\u00a0: Shell, r\u00e9f\u00e9rence internationale dans les carburants et leader mondial des lubrifiants, Bridgestone, acteur majeur du pneumatique, Autel, sp\u00e9cialiste des solutions de recharge, SSEI, distributeur de la marque internationale Spies Hecker et Attijari Bank Tunisie, institution financi\u00e8re de r\u00e9f\u00e9rence, avec sa filiale Attijari Leasing, ont apport\u00e9 leur concours \u00e0 l\u2019\u00e9v\u00e9nement. Un engagement qui d\u00e9passe le simple partenariat et qui s\u2019inscrit dans une volont\u00e9 partag\u00e9e de structurer, valoriser et faire progresser durablement le secteur automobile.<\/p>\n<p style=\"text-align: justify;\"><strong>5 grandes cat\u00e9gories de troph\u00e9es<\/strong><\/p>\n<p style=\"text-align: justify;\">Pens\u00e9es comme un v\u00e9ritable barom\u00e8tre du secteur, \u00ab\u00a0Les Victoires de l\u2019Automobile\u00a0\u00bb ont pour vocation de r\u00e9compenser les marques automobiles qui se sont distingu\u00e9es au cours de l\u2019ann\u00e9e \u00e9coul\u00e9e selon 5 grandes cat\u00e9gories strat\u00e9giques. Les distinctions d\u00e9cern\u00e9es couvrent l\u2019ensemble des leviers de performance du secteur.<\/p>\n<p><img decoding=\"async\" class=\"aligncenter size-full wp-image-500810\" src=\"https:\/\/motors.tn\/magazine\/wp-content\/uploads\/2026\/01\/Les-Victoires-de-lAutomobile-2026-un-palmares-fonde-sur-des-indicateurs-objectifs-74.jpg\" alt=\"\" width=\"950\" height=\"633\" srcset=\"https:\/\/motors.tn\/magazine\/wp-content\/uploads\/2026\/01\/Les-Victoires-de-lAutomobile-2026-un-palmares-fonde-sur-des-indicateurs-objectifs-74.jpg 950w, https:\/\/motors.tn\/magazine\/wp-content\/uploads\/2026\/01\/Les-Victoires-de-lAutomobile-2026-un-palmares-fonde-sur-des-indicateurs-objectifs-74-300x200.jpg 300w, https:\/\/motors.tn\/magazine\/wp-content\/uploads\/2026\/01\/Les-Victoires-de-lAutomobile-2026-un-palmares-fonde-sur-des-indicateurs-objectifs-74-768x512.jpg 768w\" sizes=\"(max-width: 950px) 100vw, 950px\" \/><\/p>\n<p><strong>1- Palmar\u00e8s de la cat\u00e9gorie \u00ab R\u00e9alisations commerciales \u00bb<\/strong><\/p>\n<p style=\"text-align: justify;\">Les r\u00e9alisations commerciales ont ainsi mis en lumi\u00e8re les marques ayant enregistr\u00e9 les meilleures dynamiques de ventes, tant par mod\u00e8les que par segments, traduisant leur capacit\u00e9 \u00e0 r\u00e9pondre avec justesse aux attentes du march\u00e9.<\/p>\n<ul>\n<li style=\"text-align: justify;\"><strong>Concessionnaire N\u00b01 :<\/strong> City Cars, importateur officiel KIA<\/li>\n<li style=\"text-align: justify;\"><strong>Marque N\u00b0 1 sur le segment des v\u00e9hicules particuliers :<\/strong> KIA<\/li>\n<li style=\"text-align: justify;\"><strong>Marque Premium N\u00b01 : <\/strong>Mercedes-Benz<\/li>\n<li style=\"text-align: justify;\"><strong>Marque utilitaire N\u00b01 et pick-up le plus vendu : <\/strong>Isuzu DMax<\/li>\n<li style=\"text-align: justify;\"><strong>Mod\u00e8le particulier le plus vendu :<\/strong> KIA Picanto<\/li>\n<li style=\"text-align: justify;\"><strong>SUV et Hybride le plus vendu :<\/strong> Toyota RAV4<\/li>\n<li style=\"text-align: justify;\"><strong>Mod\u00e8le Premium le plus vendu :<\/strong> BMW X1<\/li>\n<li style=\"text-align: justify;\"><strong>Mod\u00e8le \u00e9lectrique Premium le plus vendu :<\/strong> Volvo EX30<\/li>\n<li style=\"text-align: justify;\"><strong>Mod\u00e8le 4X4 le plus vendu :<\/strong> Toyota Land Cruiser<\/li>\n<li style=\"text-align: justify;\"><strong>Fourgon le plus vendu :<\/strong> Fiat Dobl<em>\u00f2<\/em><\/li>\n<\/ul>\n<p><img decoding=\"async\" class=\"aligncenter size-full wp-image-500807\" src=\"https:\/\/motors.tn\/magazine\/wp-content\/uploads\/2026\/01\/Les-Victoires-de-lAutomobile-2026-un-palmares-fonde-sur-des-indicateurs-objectifs-73-1.jpg\" alt=\"\" width=\"950\" height=\"633\" srcset=\"https:\/\/motors.tn\/magazine\/wp-content\/uploads\/2026\/01\/Les-Victoires-de-lAutomobile-2026-un-palmares-fonde-sur-des-indicateurs-objectifs-73-1.jpg 950w, https:\/\/motors.tn\/magazine\/wp-content\/uploads\/2026\/01\/Les-Victoires-de-lAutomobile-2026-un-palmares-fonde-sur-des-indicateurs-objectifs-73-1-300x200.jpg 300w, https:\/\/motors.tn\/magazine\/wp-content\/uploads\/2026\/01\/Les-Victoires-de-lAutomobile-2026-un-palmares-fonde-sur-des-indicateurs-objectifs-73-1-768x512.jpg 768w\" sizes=\"(max-width: 950px) 100vw, 950px\" \/><\/p>\n<p style=\"text-align: justify;\"><strong>2- Palmar\u00e8s de la cat\u00e9gorie \u00ab\u00a0Performances commerciales et marketing\u00a0\u00bb<\/strong><\/p>\n<p style=\"text-align: justify;\">Les performances commerciales et marketing ont, quant \u00e0 elles, r\u00e9compens\u00e9 les strat\u00e9gies les plus efficaces en mati\u00e8re d\u2019innovation, de lancement de mod\u00e8les, de communication, de services offerts aux clients et d\u2019engagement des audiences. Elles ont \u00e9t\u00e9 effectu\u00e9es par le cabinet Emrhod Consulting \u00e0 travers des enqu\u00eates et des visites myst\u00e8res sur sites \u00e0 Tunis, Sfax et Gab\u00e8s. Elles ont abouti aux r\u00e9sultats suivants\u00a0:<\/p>\n<ul>\n<li style=\"text-align: justify;\"><strong>Meilleur Showroom national :<\/strong> Land Rover Les Berges du Lac, Tunis<\/li>\n<li style=\"text-align: justify;\"><strong>Meilleure exp\u00e9rience client nationale : <\/strong>Cupra<\/li>\n<li style=\"text-align: justify;\"><strong>Meilleur Showroom Sfax : <\/strong>Hyundai Auto Self<\/li>\n<li style=\"text-align: justify;\"><strong>Meilleure exp\u00e9rience clients Sfax : <\/strong>Silver Star Mercedes<\/li>\n<li style=\"text-align: justify;\"><strong>Troph\u00e9e du plus grand p\u00f4le automobile multimarques : <\/strong>Forum Auto Gab\u00e8s<\/li>\n<li style=\"text-align: justify;\"><strong>Troph\u00e9e de l\u2019\u00e9v\u00e9nement de l\u2019ann\u00e9e :<\/strong> lancement Porsche Macan<\/li>\n<li style=\"text-align: justify;\"><strong>Meilleure introduction de mod\u00e8le :<\/strong> Dongfeng Box<\/li>\n<li style=\"text-align: justify;\"><strong>Troph\u00e9e de l\u2019action client de l\u2019ann\u00e9e :<\/strong> Raid Suzuki Jimny<\/li>\n<li style=\"text-align: justify;\"><strong>Meilleur spot audiovisuel :<\/strong> GAC<\/li>\n<li style=\"text-align: justify;\"><strong>Meilleure campagne d\u2019affichage urbain :<\/strong> IM Motors<\/li>\n<\/ul>\n<p><img decoding=\"async\" class=\"aligncenter size-full wp-image-500811\" src=\"https:\/\/motors.tn\/magazine\/wp-content\/uploads\/2026\/01\/Les-Victoires-de-lAutomobile-2026-un-palmares-fonde-sur-des-indicateurs-objectifs-76.jpg\" alt=\"\" width=\"950\" height=\"633\" srcset=\"https:\/\/motors.tn\/magazine\/wp-content\/uploads\/2026\/01\/Les-Victoires-de-lAutomobile-2026-un-palmares-fonde-sur-des-indicateurs-objectifs-76.jpg 950w, https:\/\/motors.tn\/magazine\/wp-content\/uploads\/2026\/01\/Les-Victoires-de-lAutomobile-2026-un-palmares-fonde-sur-des-indicateurs-objectifs-76-300x200.jpg 300w, https:\/\/motors.tn\/magazine\/wp-content\/uploads\/2026\/01\/Les-Victoires-de-lAutomobile-2026-un-palmares-fonde-sur-des-indicateurs-objectifs-76-768x512.jpg 768w\" sizes=\"(max-width: 950px) 100vw, 950px\" \/><\/p>\n<p style=\"text-align: justify;\"><strong>3- Palmar\u00e8s de la cat\u00e9gorie \u00ab\u00a0Performances digitales\u00a0\u00bb<\/strong><\/p>\n<p style=\"text-align: justify;\">La pr\u00e9sence des marques sur les canaux digitaux a par ailleurs \u00e9t\u00e9 analys\u00e9e en profondeur par le cabinet sp\u00e9cialis\u00e9 Web First Rank qui a scann\u00e9 la pr\u00e9sence des concessionnaires sur les diff\u00e9rents r\u00e9seaux sociaux et le web sur la base d\u2019indicateurs divers ayant abouti aux prix attribu\u00e9s dans les deux cat\u00e9gories suivantes\u00a0:<\/p>\n<ul>\n<li style=\"text-align: justify;\"><strong>Meilleure marque sur le digital : <\/strong>Wallys<\/li>\n<li style=\"text-align: justify;\"><strong>Meilleur site internet : <\/strong>Geely-tunisie.com<\/li>\n<\/ul>\n<p><img decoding=\"async\" class=\"aligncenter size-full wp-image-500760\" src=\"https:\/\/motors.tn\/magazine\/wp-content\/uploads\/2026\/01\/Les-Victoires-de-lAutomobile-2026-un-palmares-fonde-sur-des-indicateurs-objectifs-16.jpg\" alt=\"\" width=\"950\" height=\"633\" srcset=\"https:\/\/motors.tn\/magazine\/wp-content\/uploads\/2026\/01\/Les-Victoires-de-lAutomobile-2026-un-palmares-fonde-sur-des-indicateurs-objectifs-16.jpg 950w, https:\/\/motors.tn\/magazine\/wp-content\/uploads\/2026\/01\/Les-Victoires-de-lAutomobile-2026-un-palmares-fonde-sur-des-indicateurs-objectifs-16-300x200.jpg 300w, https:\/\/motors.tn\/magazine\/wp-content\/uploads\/2026\/01\/Les-Victoires-de-lAutomobile-2026-un-palmares-fonde-sur-des-indicateurs-objectifs-16-768x512.jpg 768w\" sizes=\"(max-width: 950px) 100vw, 950px\" \/><\/p>\n<p style=\"text-align: justify;\"><strong>4- \u00a0<\/strong><strong>Palmar\u00e8s de la cat\u00e9gorie \u00ab\u00a0Performances boursi\u00e8res\u00a0\u00bb<\/strong><\/p>\n<p style=\"text-align: justify;\">L\u2019analyse s\u2019est \u00e9galement port\u00e9e sur les performances financi\u00e8res, \u00e9valuant la solidit\u00e9 \u00e9conomique des entreprises, leur trajectoire de croissance et leur cr\u00e9ation de valeur, notamment \u00e0 travers leur valorisation sur le march\u00e9. C\u2019est le cabinet MCP Partner qui a proc\u00e9d\u00e9 \u00e0 une lecture d\u00e9taill\u00e9e et rigoureuse des chiffres et des r\u00e9sultats.<\/p>\n<ul>\n<li style=\"text-align: justify;\"><strong>Meilleure performance boursi\u00e8re de l\u2019ann\u00e9e :<\/strong> STA, concessionnaire Chery<\/li>\n<li style=\"text-align: justify;\"><strong>Meilleure capitalisation boursi\u00e8re de l\u2019ann\u00e9e :<\/strong> Ennakl Automobiles, concessionnaire du groupe Volkswagen<\/li>\n<\/ul>\n<p><img decoding=\"async\" class=\"aligncenter size-full wp-image-500812\" src=\"https:\/\/motors.tn\/magazine\/wp-content\/uploads\/2026\/01\/Les-Victoires-de-lAutomobile-2026-un-palmares-fonde-sur-des-indicateurs-objectifs-78.jpg\" alt=\"\" width=\"950\" height=\"633\" srcset=\"https:\/\/motors.tn\/magazine\/wp-content\/uploads\/2026\/01\/Les-Victoires-de-lAutomobile-2026-un-palmares-fonde-sur-des-indicateurs-objectifs-78.jpg 950w, https:\/\/motors.tn\/magazine\/wp-content\/uploads\/2026\/01\/Les-Victoires-de-lAutomobile-2026-un-palmares-fonde-sur-des-indicateurs-objectifs-78-300x200.jpg 300w, https:\/\/motors.tn\/magazine\/wp-content\/uploads\/2026\/01\/Les-Victoires-de-lAutomobile-2026-un-palmares-fonde-sur-des-indicateurs-objectifs-78-768x512.jpg 768w\" sizes=\"(max-width: 950px) 100vw, 950px\" \/><\/p>\n<p style=\"text-align: justify;\"><strong>5- Palmar\u00e8s de la cat\u00e9gorie \u00ab\u00a0Troph\u00e9es de l\u2019excellence\u00a0\u00bb<\/strong><\/p>\n<p style=\"text-align: justify;\">Enfin, les troph\u00e9es de l\u2019Excellence ont consacr\u00e9 les acteurs les plus engag\u00e9s en mati\u00e8re de RSE et d\u2019ESG, saluant des initiatives concr\u00e8tes en faveur du d\u00e9veloppement durable, de l\u2019impact social et de la responsabilit\u00e9 citoyenne, confirmant que la performance globale s\u2019inscrit d\u00e9sormais dans une vision \u00e0 long terme.<\/p>\n<ul>\n<li style=\"text-align: justify;\"><strong>Prix de l\u2019initiative ESG Pionni\u00e8re :<\/strong> Ennakl Automobiles, concessionnaire du groupe Volkswagen<\/li>\n<li style=\"text-align: justify;\"><strong>Prix de l\u2019engagement RSE dans le secteur social :<\/strong> ex-aequo\u00a0: Alpha Hyundai et City Cars\/Suzuki.<\/li>\n<\/ul>\n<p><img decoding=\"async\" class=\"aligncenter size-full wp-image-500766\" src=\"https:\/\/motors.tn\/magazine\/wp-content\/uploads\/2026\/01\/Les-Victoires-de-lAutomobile-2026-un-palmares-fonde-sur-des-indicateurs-objectifs-23.jpg\" alt=\"\" width=\"950\" height=\"633\" srcset=\"https:\/\/motors.tn\/magazine\/wp-content\/uploads\/2026\/01\/Les-Victoires-de-lAutomobile-2026-un-palmares-fonde-sur-des-indicateurs-objectifs-23.jpg 950w, https:\/\/motors.tn\/magazine\/wp-content\/uploads\/2026\/01\/Les-Victoires-de-lAutomobile-2026-un-palmares-fonde-sur-des-indicateurs-objectifs-23-300x200.jpg 300w, https:\/\/motors.tn\/magazine\/wp-content\/uploads\/2026\/01\/Les-Victoires-de-lAutomobile-2026-un-palmares-fonde-sur-des-indicateurs-objectifs-23-768x512.jpg 768w\" sizes=\"(max-width: 950px) 100vw, 950px\" \/><\/p>\n<p style=\"text-align: justify;\"><strong>Une m\u00e9thodologie fond\u00e9e sur la donn\u00e9e et l\u2019objectivit\u00e9<\/strong><\/p>\n<p style=\"text-align: justify;\">La singularit\u00e9 des \u00ab\u00a0Victoires de l\u2019Automobile\u00a0\u00bb repose sur une m\u00e9thode d\u2019attribution fond\u00e9e exclusivement sur des KPIs et indicateurs objectifs, d\u00e9finis en amont et analys\u00e9s par les trois cabinets sp\u00e9cialis\u00e9s ind\u00e9pendants. Cette approche conf\u00e8re aux troph\u00e9es une cr\u00e9dibilit\u00e9 incontestable, pla\u00e7ant la donn\u00e9e et l\u2019analyse factuelle au c\u0153ur du processus de distinction.<\/p>\n<p style=\"text-align: justify;\"><strong>Une couverture nationale \u00e9largie<\/strong><\/p>\n<p style=\"text-align: justify;\">Autre fait marquant de cette \u00e9dition : la volont\u00e9 affirm\u00e9e de sortir du p\u00e9rim\u00e8tre de la capitale pour refl\u00e9ter la r\u00e9alit\u00e9 du march\u00e9 \u00e0 l\u2019\u00e9chelle nationale. Les investigations ont ainsi \u00e9t\u00e9 \u00e9tendues \u00e0 Sfax, deuxi\u00e8me ville du pays, o\u00f9 34 agences automobiles repr\u00e9sentant des marques officielles ont \u00e9t\u00e9 \u00e9valu\u00e9es. Les enqu\u00eates ont \u00e9galement couvert Gab\u00e8s, o\u00f9 un centre automobile multimarques regroupant dix-sept enseignes, int\u00e9grant la vente de v\u00e9hicules neufs, entretien et pi\u00e8ces de rechange, a fait l\u2019objet d\u2019une appr\u00e9ciation particuli\u00e8re.<\/p>\n<p><img decoding=\"async\" class=\"aligncenter size-full wp-image-500764\" src=\"https:\/\/motors.tn\/magazine\/wp-content\/uploads\/2026\/01\/Les-Victoires-de-lAutomobile-2026-un-palmares-fonde-sur-des-indicateurs-objectifs-21.jpg\" alt=\"\" width=\"950\" height=\"634\" srcset=\"https:\/\/motors.tn\/magazine\/wp-content\/uploads\/2026\/01\/Les-Victoires-de-lAutomobile-2026-un-palmares-fonde-sur-des-indicateurs-objectifs-21.jpg 950w, https:\/\/motors.tn\/magazine\/wp-content\/uploads\/2026\/01\/Les-Victoires-de-lAutomobile-2026-un-palmares-fonde-sur-des-indicateurs-objectifs-21-300x200.jpg 300w, https:\/\/motors.tn\/magazine\/wp-content\/uploads\/2026\/01\/Les-Victoires-de-lAutomobile-2026-un-palmares-fonde-sur-des-indicateurs-objectifs-21-768x513.jpg 768w\" sizes=\"(max-width: 950px) 100vw, 950px\" \/><\/p>\n<p style=\"text-align: justify;\"><strong>Une \u00e9tude de march\u00e9 de grande ampleur<\/strong><\/p>\n<p style=\"text-align: justify;\">L\u2019\u00e9v\u00e9nement a \u00e9galement \u00e9t\u00e9 marqu\u00e9 par la pr\u00e9sentation d\u2019une \u00e9tude exclusive du cabinet Emrhod Consulting, reposant sur une enqu\u00eate nationale de grande envergure men\u00e9e aupr\u00e8s de 2 000 personnes, selon un panel repr\u00e9sentatif de la population. Cette \u00e9tude a permis de d\u00e9crypter les grandes tendances du march\u00e9 : intentions d\u2019achat de v\u00e9hicules neufs ou d\u2019occasion, perception du service apr\u00e8s-vente, accueil des nouveaux mod\u00e8les et marques, ainsi que la mont\u00e9e en puissance des motorisations \u00e9lectriques et hybrides.<\/p>\n<p><strong>Galerie photos :\u00a0<\/strong><\/p>\n<div id='gallery-1' class='gallery galleryid-500749 gallery-columns-1 gallery-size-full'><figure class='gallery-item'>\n\t\t\t<div class='gallery-icon landscape'>\n\t\t\t\t<img decoding=\"async\" width=\"950\" height=\"634\" src=\"https:\/\/motors.tn\/magazine\/wp-content\/uploads\/2026\/01\/Les-Victoires-de-lAutomobile-2026-un-palmares-fonde-sur-des-indicateurs-objectifs-55.jpg\" class=\"attachment-full size-full\" alt=\"\" srcset=\"https:\/\/motors.tn\/magazine\/wp-content\/uploads\/2026\/01\/Les-Victoires-de-lAutomobile-2026-un-palmares-fonde-sur-des-indicateurs-objectifs-55.jpg 950w, https:\/\/motors.tn\/magazine\/wp-content\/uploads\/2026\/01\/Les-Victoires-de-lAutomobile-2026-un-palmares-fonde-sur-des-indicateurs-objectifs-55-300x200.jpg 300w, https:\/\/motors.tn\/magazine\/wp-content\/uploads\/2026\/01\/Les-Victoires-de-lAutomobile-2026-un-palmares-fonde-sur-des-indicateurs-objectifs-55-768x513.jpg 768w\" sizes=\"(max-width: 950px) 100vw, 950px\" \/>\n\t\t\t<\/div><\/figure><figure class='gallery-item'>\n\t\t\t<div class='gallery-icon landscape'>\n\t\t\t\t<img decoding=\"async\" width=\"950\" height=\"634\" src=\"https:\/\/motors.tn\/magazine\/wp-content\/uploads\/2026\/01\/Les-Victoires-de-lAutomobile-2026-un-palmares-fonde-sur-des-indicateurs-objectifs-13.jpg\" class=\"attachment-full size-full\" alt=\"\" srcset=\"https:\/\/motors.tn\/magazine\/wp-content\/uploads\/2026\/01\/Les-Victoires-de-lAutomobile-2026-un-palmares-fonde-sur-des-indicateurs-objectifs-13.jpg 950w, https:\/\/motors.tn\/magazine\/wp-content\/uploads\/2026\/01\/Les-Victoires-de-lAutomobile-2026-un-palmares-fonde-sur-des-indicateurs-objectifs-13-300x200.jpg 300w, https:\/\/motors.tn\/magazine\/wp-content\/uploads\/2026\/01\/Les-Victoires-de-lAutomobile-2026-un-palmares-fonde-sur-des-indicateurs-objectifs-13-768x513.jpg 768w\" sizes=\"(max-width: 950px) 100vw, 950px\" \/>\n\t\t\t<\/div><\/figure><figure class='gallery-item'>\n\t\t\t<div class='gallery-icon landscape'>\n\t\t\t\t<img decoding=\"async\" width=\"950\" height=\"634\" src=\"https:\/\/motors.tn\/magazine\/wp-content\/uploads\/2026\/01\/Les-Victoires-de-lAutomobile-2026-un-palmares-fonde-sur-des-indicateurs-objectifs-52.jpg\" class=\"attachment-full size-full\" alt=\"\" srcset=\"https:\/\/motors.tn\/magazine\/wp-content\/uploads\/2026\/01\/Les-Victoires-de-lAutomobile-2026-un-palmares-fonde-sur-des-indicateurs-objectifs-52.jpg 950w, https:\/\/motors.tn\/magazine\/wp-content\/uploads\/2026\/01\/Les-Victoires-de-lAutomobile-2026-un-palmares-fonde-sur-des-indicateurs-objectifs-52-300x200.jpg 300w, https:\/\/motors.tn\/magazine\/wp-content\/uploads\/2026\/01\/Les-Victoires-de-lAutomobile-2026-un-palmares-fonde-sur-des-indicateurs-objectifs-52-768x513.jpg 768w\" sizes=\"(max-width: 950px) 100vw, 950px\" \/>\n\t\t\t<\/div><\/figure><figure class='gallery-item'>\n\t\t\t<div class='gallery-icon landscape'>\n\t\t\t\t<img decoding=\"async\" width=\"950\" height=\"634\" src=\"https:\/\/motors.tn\/magazine\/wp-content\/uploads\/2026\/01\/Les-Victoires-de-lAutomobile-2026-un-palmares-fonde-sur-des-indicateurs-objectifs-2.jpg\" class=\"attachment-full size-full\" alt=\"\" srcset=\"https:\/\/motors.tn\/magazine\/wp-content\/uploads\/2026\/01\/Les-Victoires-de-lAutomobile-2026-un-palmares-fonde-sur-des-indicateurs-objectifs-2.jpg 950w, https:\/\/motors.tn\/magazine\/wp-content\/uploads\/2026\/01\/Les-Victoires-de-lAutomobile-2026-un-palmares-fonde-sur-des-indicateurs-objectifs-2-300x200.jpg 300w, https:\/\/motors.tn\/magazine\/wp-content\/uploads\/2026\/01\/Les-Victoires-de-lAutomobile-2026-un-palmares-fonde-sur-des-indicateurs-objectifs-2-768x513.jpg 768w\" sizes=\"(max-width: 950px) 100vw, 950px\" \/>\n\t\t\t<\/div><\/figure><figure class='gallery-item'>\n\t\t\t<div class='gallery-icon landscape'>\n\t\t\t\t<img decoding=\"async\" width=\"950\" height=\"634\" src=\"https:\/\/motors.tn\/magazine\/wp-content\/uploads\/2026\/01\/Les-Victoires-de-lAutomobile-2026-un-palmares-fonde-sur-des-indicateurs-objectifs-37.jpg\" class=\"attachment-full size-full\" alt=\"\" srcset=\"https:\/\/motors.tn\/magazine\/wp-content\/uploads\/2026\/01\/Les-Victoires-de-lAutomobile-2026-un-palmares-fonde-sur-des-indicateurs-objectifs-37.jpg 950w, https:\/\/motors.tn\/magazine\/wp-content\/uploads\/2026\/01\/Les-Victoires-de-lAutomobile-2026-un-palmares-fonde-sur-des-indicateurs-objectifs-37-300x200.jpg 300w, https:\/\/motors.tn\/magazine\/wp-content\/uploads\/2026\/01\/Les-Victoires-de-lAutomobile-2026-un-palmares-fonde-sur-des-indicateurs-objectifs-37-768x513.jpg 768w\" sizes=\"(max-width: 950px) 100vw, 950px\" \/>\n\t\t\t<\/div><\/figure><figure class='gallery-item'>\n\t\t\t<div class='gallery-icon landscape'>\n\t\t\t\t<img decoding=\"async\" width=\"950\" height=\"633\" src=\"https:\/\/motors.tn\/magazine\/wp-content\/uploads\/2026\/01\/Les-Victoires-de-lAutomobile-2026-un-palmares-fonde-sur-des-indicateurs-objectifs-01.jpg\" class=\"attachment-full size-full\" alt=\"\" srcset=\"https:\/\/motors.tn\/magazine\/wp-content\/uploads\/2026\/01\/Les-Victoires-de-lAutomobile-2026-un-palmares-fonde-sur-des-indicateurs-objectifs-01.jpg 950w, https:\/\/motors.tn\/magazine\/wp-content\/uploads\/2026\/01\/Les-Victoires-de-lAutomobile-2026-un-palmares-fonde-sur-des-indicateurs-objectifs-01-300x200.jpg 300w, https:\/\/motors.tn\/magazine\/wp-content\/uploads\/2026\/01\/Les-Victoires-de-lAutomobile-2026-un-palmares-fonde-sur-des-indicateurs-objectifs-01-768x512.jpg 768w\" sizes=\"(max-width: 950px) 100vw, 950px\" \/>\n\t\t\t<\/div><\/figure><figure class='gallery-item'>\n\t\t\t<div class='gallery-icon landscape'>\n\t\t\t\t<img decoding=\"async\" width=\"950\" height=\"634\" src=\"https:\/\/motors.tn\/magazine\/wp-content\/uploads\/2026\/01\/Les-Victoires-de-lAutomobile-2026-un-palmares-fonde-sur-des-indicateurs-objectifs-1.jpg\" class=\"attachment-full size-full\" alt=\"\" srcset=\"https:\/\/motors.tn\/magazine\/wp-content\/uploads\/2026\/01\/Les-Victoires-de-lAutomobile-2026-un-palmares-fonde-sur-des-indicateurs-objectifs-1.jpg 950w, https:\/\/motors.tn\/magazine\/wp-content\/uploads\/2026\/01\/Les-Victoires-de-lAutomobile-2026-un-palmares-fonde-sur-des-indicateurs-objectifs-1-300x200.jpg 300w, https:\/\/motors.tn\/magazine\/wp-content\/uploads\/2026\/01\/Les-Victoires-de-lAutomobile-2026-un-palmares-fonde-sur-des-indicateurs-objectifs-1-768x513.jpg 768w\" sizes=\"(max-width: 950px) 100vw, 950px\" \/>\n\t\t\t<\/div><\/figure><figure class='gallery-item'>\n\t\t\t<div class='gallery-icon landscape'>\n\t\t\t\t<img decoding=\"async\" width=\"950\" height=\"634\" src=\"https:\/\/motors.tn\/magazine\/wp-content\/uploads\/2026\/01\/Les-Victoires-de-lAutomobile-2026-un-palmares-fonde-sur-des-indicateurs-objectifs-3.jpg\" class=\"attachment-full size-full\" alt=\"\" srcset=\"https:\/\/motors.tn\/magazine\/wp-content\/uploads\/2026\/01\/Les-Victoires-de-lAutomobile-2026-un-palmares-fonde-sur-des-indicateurs-objectifs-3.jpg 950w, https:\/\/motors.tn\/magazine\/wp-content\/uploads\/2026\/01\/Les-Victoires-de-lAutomobile-2026-un-palmares-fonde-sur-des-indicateurs-objectifs-3-300x200.jpg 300w, https:\/\/motors.tn\/magazine\/wp-content\/uploads\/2026\/01\/Les-Victoires-de-lAutomobile-2026-un-palmares-fonde-sur-des-indicateurs-objectifs-3-768x513.jpg 768w\" sizes=\"(max-width: 950px) 100vw, 950px\" \/>\n\t\t\t<\/div><\/figure><figure class='gallery-item'>\n\t\t\t<div class='gallery-icon landscape'>\n\t\t\t\t<img decoding=\"async\" width=\"950\" height=\"634\" src=\"https:\/\/motors.tn\/magazine\/wp-content\/uploads\/2026\/01\/Les-Victoires-de-lAutomobile-2026-un-palmares-fonde-sur-des-indicateurs-objectifs-6.jpg\" class=\"attachment-full size-full\" alt=\"\" srcset=\"https:\/\/motors.tn\/magazine\/wp-content\/uploads\/2026\/01\/Les-Victoires-de-lAutomobile-2026-un-palmares-fonde-sur-des-indicateurs-objectifs-6.jpg 950w, https:\/\/motors.tn\/magazine\/wp-content\/uploads\/2026\/01\/Les-Victoires-de-lAutomobile-2026-un-palmares-fonde-sur-des-indicateurs-objectifs-6-300x200.jpg 300w, https:\/\/motors.tn\/magazine\/wp-content\/uploads\/2026\/01\/Les-Victoires-de-lAutomobile-2026-un-palmares-fonde-sur-des-indicateurs-objectifs-6-768x513.jpg 768w\" sizes=\"(max-width: 950px) 100vw, 950px\" \/>\n\t\t\t<\/div><\/figure><figure class='gallery-item'>\n\t\t\t<div class='gallery-icon landscape'>\n\t\t\t\t<img decoding=\"async\" width=\"950\" height=\"634\" src=\"https:\/\/motors.tn\/magazine\/wp-content\/uploads\/2026\/01\/Les-Victoires-de-lAutomobile-2026-un-palmares-fonde-sur-des-indicateurs-objectifs-10.jpg\" class=\"attachment-full size-full\" alt=\"\" srcset=\"https:\/\/motors.tn\/magazine\/wp-content\/uploads\/2026\/01\/Les-Victoires-de-lAutomobile-2026-un-palmares-fonde-sur-des-indicateurs-objectifs-10.jpg 950w, https:\/\/motors.tn\/magazine\/wp-content\/uploads\/2026\/01\/Les-Victoires-de-lAutomobile-2026-un-palmares-fonde-sur-des-indicateurs-objectifs-10-300x200.jpg 300w, https:\/\/motors.tn\/magazine\/wp-content\/uploads\/2026\/01\/Les-Victoires-de-lAutomobile-2026-un-palmares-fonde-sur-des-indicateurs-objectifs-10-768x513.jpg 768w\" sizes=\"(max-width: 950px) 100vw, 950px\" \/>\n\t\t\t<\/div><\/figure><figure class='gallery-item'>\n\t\t\t<div class='gallery-icon landscape'>\n\t\t\t\t<img decoding=\"async\" width=\"950\" height=\"634\" src=\"https:\/\/motors.tn\/magazine\/wp-content\/uploads\/2026\/01\/Les-Victoires-de-lAutomobile-2026-un-palmares-fonde-sur-des-indicateurs-objectifs-12.jpg\" class=\"attachment-full size-full\" alt=\"\" srcset=\"https:\/\/motors.tn\/magazine\/wp-content\/uploads\/2026\/01\/Les-Victoires-de-lAutomobile-2026-un-palmares-fonde-sur-des-indicateurs-objectifs-12.jpg 950w, https:\/\/motors.tn\/magazine\/wp-content\/uploads\/2026\/01\/Les-Victoires-de-lAutomobile-2026-un-palmares-fonde-sur-des-indicateurs-objectifs-12-300x200.jpg 300w, https:\/\/motors.tn\/magazine\/wp-content\/uploads\/2026\/01\/Les-Victoires-de-lAutomobile-2026-un-palmares-fonde-sur-des-indicateurs-objectifs-12-768x513.jpg 768w\" sizes=\"(max-width: 950px) 100vw, 950px\" \/>\n\t\t\t<\/div><\/figure><figure class='gallery-item'>\n\t\t\t<div class='gallery-icon landscape'>\n\t\t\t\t<img decoding=\"async\" width=\"950\" height=\"634\" src=\"https:\/\/motors.tn\/magazine\/wp-content\/uploads\/2026\/01\/Les-Victoires-de-lAutomobile-2026-un-palmares-fonde-sur-des-indicateurs-objectifs-14.jpg\" class=\"attachment-full size-full\" alt=\"\" srcset=\"https:\/\/motors.tn\/magazine\/wp-content\/uploads\/2026\/01\/Les-Victoires-de-lAutomobile-2026-un-palmares-fonde-sur-des-indicateurs-objectifs-14.jpg 950w, https:\/\/motors.tn\/magazine\/wp-content\/uploads\/2026\/01\/Les-Victoires-de-lAutomobile-2026-un-palmares-fonde-sur-des-indicateurs-objectifs-14-300x200.jpg 300w, https:\/\/motors.tn\/magazine\/wp-content\/uploads\/2026\/01\/Les-Victoires-de-lAutomobile-2026-un-palmares-fonde-sur-des-indicateurs-objectifs-14-768x513.jpg 768w\" sizes=\"(max-width: 950px) 100vw, 950px\" \/>\n\t\t\t<\/div><\/figure><figure class='gallery-item'>\n\t\t\t<div class='gallery-icon landscape'>\n\t\t\t\t<img decoding=\"async\" width=\"950\" height=\"633\" src=\"https:\/\/motors.tn\/magazine\/wp-content\/uploads\/2026\/01\/Les-Victoires-de-lAutomobile-2026-un-palmares-fonde-sur-des-indicateurs-objectifs-16.jpg\" class=\"attachment-full size-full\" alt=\"\" srcset=\"https:\/\/motors.tn\/magazine\/wp-content\/uploads\/2026\/01\/Les-Victoires-de-lAutomobile-2026-un-palmares-fonde-sur-des-indicateurs-objectifs-16.jpg 950w, https:\/\/motors.tn\/magazine\/wp-content\/uploads\/2026\/01\/Les-Victoires-de-lAutomobile-2026-un-palmares-fonde-sur-des-indicateurs-objectifs-16-300x200.jpg 300w, https:\/\/motors.tn\/magazine\/wp-content\/uploads\/2026\/01\/Les-Victoires-de-lAutomobile-2026-un-palmares-fonde-sur-des-indicateurs-objectifs-16-768x512.jpg 768w\" sizes=\"(max-width: 950px) 100vw, 950px\" \/>\n\t\t\t<\/div><\/figure><figure class='gallery-item'>\n\t\t\t<div class='gallery-icon landscape'>\n\t\t\t\t<img decoding=\"async\" width=\"950\" height=\"633\" src=\"https:\/\/motors.tn\/magazine\/wp-content\/uploads\/2026\/01\/Les-Victoires-de-lAutomobile-2026-un-palmares-fonde-sur-des-indicateurs-objectifs-17.jpg\" class=\"attachment-full size-full\" alt=\"\" srcset=\"https:\/\/motors.tn\/magazine\/wp-content\/uploads\/2026\/01\/Les-Victoires-de-lAutomobile-2026-un-palmares-fonde-sur-des-indicateurs-objectifs-17.jpg 950w, https:\/\/motors.tn\/magazine\/wp-content\/uploads\/2026\/01\/Les-Victoires-de-lAutomobile-2026-un-palmares-fonde-sur-des-indicateurs-objectifs-17-300x200.jpg 300w, https:\/\/motors.tn\/magazine\/wp-content\/uploads\/2026\/01\/Les-Victoires-de-lAutomobile-2026-un-palmares-fonde-sur-des-indicateurs-objectifs-17-768x512.jpg 768w\" sizes=\"(max-width: 950px) 100vw, 950px\" \/>\n\t\t\t<\/div><\/figure><figure class='gallery-item'>\n\t\t\t<div class='gallery-icon landscape'>\n\t\t\t\t<img decoding=\"async\" width=\"950\" height=\"633\" src=\"https:\/\/motors.tn\/magazine\/wp-content\/uploads\/2026\/01\/Les-Victoires-de-lAutomobile-2026-un-palmares-fonde-sur-des-indicateurs-objectifs-18.jpg\" class=\"attachment-full size-full\" alt=\"\" srcset=\"https:\/\/motors.tn\/magazine\/wp-content\/uploads\/2026\/01\/Les-Victoires-de-lAutomobile-2026-un-palmares-fonde-sur-des-indicateurs-objectifs-18.jpg 950w, https:\/\/motors.tn\/magazine\/wp-content\/uploads\/2026\/01\/Les-Victoires-de-lAutomobile-2026-un-palmares-fonde-sur-des-indicateurs-objectifs-18-300x200.jpg 300w, https:\/\/motors.tn\/magazine\/wp-content\/uploads\/2026\/01\/Les-Victoires-de-lAutomobile-2026-un-palmares-fonde-sur-des-indicateurs-objectifs-18-768x512.jpg 768w\" sizes=\"(max-width: 950px) 100vw, 950px\" \/>\n\t\t\t<\/div><\/figure><figure class='gallery-item'>\n\t\t\t<div class='gallery-icon landscape'>\n\t\t\t\t<img decoding=\"async\" width=\"950\" height=\"525\" src=\"https:\/\/motors.tn\/magazine\/wp-content\/uploads\/2026\/01\/Les-Victoires-de-lAutomobile-2026-un-palmares-fonde-sur-des-indicateurs-objectifs-19.jpg\" class=\"attachment-full size-full\" alt=\"\" srcset=\"https:\/\/motors.tn\/magazine\/wp-content\/uploads\/2026\/01\/Les-Victoires-de-lAutomobile-2026-un-palmares-fonde-sur-des-indicateurs-objectifs-19.jpg 950w, https:\/\/motors.tn\/magazine\/wp-content\/uploads\/2026\/01\/Les-Victoires-de-lAutomobile-2026-un-palmares-fonde-sur-des-indicateurs-objectifs-19-300x166.jpg 300w, https:\/\/motors.tn\/magazine\/wp-content\/uploads\/2026\/01\/Les-Victoires-de-lAutomobile-2026-un-palmares-fonde-sur-des-indicateurs-objectifs-19-768x424.jpg 768w\" sizes=\"(max-width: 950px) 100vw, 950px\" \/>\n\t\t\t<\/div><\/figure><figure class='gallery-item'>\n\t\t\t<div class='gallery-icon landscape'>\n\t\t\t\t<img decoding=\"async\" width=\"950\" height=\"634\" src=\"https:\/\/motors.tn\/magazine\/wp-content\/uploads\/2026\/01\/Les-Victoires-de-lAutomobile-2026-un-palmares-fonde-sur-des-indicateurs-objectifs-21.jpg\" class=\"attachment-full size-full\" alt=\"\" srcset=\"https:\/\/motors.tn\/magazine\/wp-content\/uploads\/2026\/01\/Les-Victoires-de-lAutomobile-2026-un-palmares-fonde-sur-des-indicateurs-objectifs-21.jpg 950w, https:\/\/motors.tn\/magazine\/wp-content\/uploads\/2026\/01\/Les-Victoires-de-lAutomobile-2026-un-palmares-fonde-sur-des-indicateurs-objectifs-21-300x200.jpg 300w, https:\/\/motors.tn\/magazine\/wp-content\/uploads\/2026\/01\/Les-Victoires-de-lAutomobile-2026-un-palmares-fonde-sur-des-indicateurs-objectifs-21-768x513.jpg 768w\" sizes=\"(max-width: 950px) 100vw, 950px\" \/>\n\t\t\t<\/div><\/figure><figure class='gallery-item'>\n\t\t\t<div class='gallery-icon landscape'>\n\t\t\t\t<img decoding=\"async\" width=\"950\" height=\"634\" src=\"https:\/\/motors.tn\/magazine\/wp-content\/uploads\/2026\/01\/Les-Victoires-de-lAutomobile-2026-un-palmares-fonde-sur-des-indicateurs-objectifs-22.jpg\" class=\"attachment-full size-full\" alt=\"\" srcset=\"https:\/\/motors.tn\/magazine\/wp-content\/uploads\/2026\/01\/Les-Victoires-de-lAutomobile-2026-un-palmares-fonde-sur-des-indicateurs-objectifs-22.jpg 950w, https:\/\/motors.tn\/magazine\/wp-content\/uploads\/2026\/01\/Les-Victoires-de-lAutomobile-2026-un-palmares-fonde-sur-des-indicateurs-objectifs-22-300x200.jpg 300w, https:\/\/motors.tn\/magazine\/wp-content\/uploads\/2026\/01\/Les-Victoires-de-lAutomobile-2026-un-palmares-fonde-sur-des-indicateurs-objectifs-22-768x513.jpg 768w\" sizes=\"(max-width: 950px) 100vw, 950px\" \/>\n\t\t\t<\/div><\/figure><figure class='gallery-item'>\n\t\t\t<div class='gallery-icon landscape'>\n\t\t\t\t<img decoding=\"async\" width=\"950\" height=\"633\" src=\"https:\/\/motors.tn\/magazine\/wp-content\/uploads\/2026\/01\/Les-Victoires-de-lAutomobile-2026-un-palmares-fonde-sur-des-indicateurs-objectifs-23.jpg\" class=\"attachment-full size-full\" alt=\"\" srcset=\"https:\/\/motors.tn\/magazine\/wp-content\/uploads\/2026\/01\/Les-Victoires-de-lAutomobile-2026-un-palmares-fonde-sur-des-indicateurs-objectifs-23.jpg 950w, https:\/\/motors.tn\/magazine\/wp-content\/uploads\/2026\/01\/Les-Victoires-de-lAutomobile-2026-un-palmares-fonde-sur-des-indicateurs-objectifs-23-300x200.jpg 300w, https:\/\/motors.tn\/magazine\/wp-content\/uploads\/2026\/01\/Les-Victoires-de-lAutomobile-2026-un-palmares-fonde-sur-des-indicateurs-objectifs-23-768x512.jpg 768w\" sizes=\"(max-width: 950px) 100vw, 950px\" \/>\n\t\t\t<\/div><\/figure><figure class='gallery-item'>\n\t\t\t<div class='gallery-icon landscape'>\n\t\t\t\t<img decoding=\"async\" width=\"950\" height=\"633\" src=\"https:\/\/motors.tn\/magazine\/wp-content\/uploads\/2026\/01\/Les-Victoires-de-lAutomobile-2026-un-palmares-fonde-sur-des-indicateurs-objectifs-24.jpg\" class=\"attachment-full size-full\" alt=\"\" srcset=\"https:\/\/motors.tn\/magazine\/wp-content\/uploads\/2026\/01\/Les-Victoires-de-lAutomobile-2026-un-palmares-fonde-sur-des-indicateurs-objectifs-24.jpg 950w, https:\/\/motors.tn\/magazine\/wp-content\/uploads\/2026\/01\/Les-Victoires-de-lAutomobile-2026-un-palmares-fonde-sur-des-indicateurs-objectifs-24-300x200.jpg 300w, https:\/\/motors.tn\/magazine\/wp-content\/uploads\/2026\/01\/Les-Victoires-de-lAutomobile-2026-un-palmares-fonde-sur-des-indicateurs-objectifs-24-768x512.jpg 768w\" sizes=\"(max-width: 950px) 100vw, 950px\" \/>\n\t\t\t<\/div><\/figure><figure class='gallery-item'>\n\t\t\t<div class='gallery-icon landscape'>\n\t\t\t\t<img decoding=\"async\" width=\"950\" height=\"633\" src=\"https:\/\/motors.tn\/magazine\/wp-content\/uploads\/2026\/01\/Les-Victoires-de-lAutomobile-2026-un-palmares-fonde-sur-des-indicateurs-objectifs-25.jpg\" class=\"attachment-full size-full\" alt=\"\" srcset=\"https:\/\/motors.tn\/magazine\/wp-content\/uploads\/2026\/01\/Les-Victoires-de-lAutomobile-2026-un-palmares-fonde-sur-des-indicateurs-objectifs-25.jpg 950w, https:\/\/motors.tn\/magazine\/wp-content\/uploads\/2026\/01\/Les-Victoires-de-lAutomobile-2026-un-palmares-fonde-sur-des-indicateurs-objectifs-25-300x200.jpg 300w, https:\/\/motors.tn\/magazine\/wp-content\/uploads\/2026\/01\/Les-Victoires-de-lAutomobile-2026-un-palmares-fonde-sur-des-indicateurs-objectifs-25-768x512.jpg 768w\" sizes=\"(max-width: 950px) 100vw, 950px\" \/>\n\t\t\t<\/div><\/figure><figure class='gallery-item'>\n\t\t\t<div class='gallery-icon landscape'>\n\t\t\t\t<img decoding=\"async\" width=\"950\" height=\"457\" src=\"https:\/\/motors.tn\/magazine\/wp-content\/uploads\/2026\/01\/Les-Victoires-de-lAutomobile-2026-un-palmares-fonde-sur-des-indicateurs-objectifs-26.jpg\" class=\"attachment-full size-full\" alt=\"\" srcset=\"https:\/\/motors.tn\/magazine\/wp-content\/uploads\/2026\/01\/Les-Victoires-de-lAutomobile-2026-un-palmares-fonde-sur-des-indicateurs-objectifs-26.jpg 950w, https:\/\/motors.tn\/magazine\/wp-content\/uploads\/2026\/01\/Les-Victoires-de-lAutomobile-2026-un-palmares-fonde-sur-des-indicateurs-objectifs-26-300x144.jpg 300w, https:\/\/motors.tn\/magazine\/wp-content\/uploads\/2026\/01\/Les-Victoires-de-lAutomobile-2026-un-palmares-fonde-sur-des-indicateurs-objectifs-26-768x369.jpg 768w\" sizes=\"(max-width: 950px) 100vw, 950px\" \/>\n\t\t\t<\/div><\/figure><figure class='gallery-item'>\n\t\t\t<div class='gallery-icon landscape'>\n\t\t\t\t<img decoding=\"async\" width=\"950\" height=\"634\" src=\"https:\/\/motors.tn\/magazine\/wp-content\/uploads\/2026\/01\/Les-Victoires-de-lAutomobile-2026-un-palmares-fonde-sur-des-indicateurs-objectifs-38.jpg\" class=\"attachment-full size-full\" alt=\"\" srcset=\"https:\/\/motors.tn\/magazine\/wp-content\/uploads\/2026\/01\/Les-Victoires-de-lAutomobile-2026-un-palmares-fonde-sur-des-indicateurs-objectifs-38.jpg 950w, https:\/\/motors.tn\/magazine\/wp-content\/uploads\/2026\/01\/Les-Victoires-de-lAutomobile-2026-un-palmares-fonde-sur-des-indicateurs-objectifs-38-300x200.jpg 300w, https:\/\/motors.tn\/magazine\/wp-content\/uploads\/2026\/01\/Les-Victoires-de-lAutomobile-2026-un-palmares-fonde-sur-des-indicateurs-objectifs-38-768x513.jpg 768w\" sizes=\"(max-width: 950px) 100vw, 950px\" \/>\n\t\t\t<\/div><\/figure><figure class='gallery-item'>\n\t\t\t<div class='gallery-icon landscape'>\n\t\t\t\t<img decoding=\"async\" width=\"950\" height=\"634\" src=\"https:\/\/motors.tn\/magazine\/wp-content\/uploads\/2026\/01\/Les-Victoires-de-lAutomobile-2026-un-palmares-fonde-sur-des-indicateurs-objectifs-39.jpg\" class=\"attachment-full size-full\" alt=\"\" srcset=\"https:\/\/motors.tn\/magazine\/wp-content\/uploads\/2026\/01\/Les-Victoires-de-lAutomobile-2026-un-palmares-fonde-sur-des-indicateurs-objectifs-39.jpg 950w, https:\/\/motors.tn\/magazine\/wp-content\/uploads\/2026\/01\/Les-Victoires-de-lAutomobile-2026-un-palmares-fonde-sur-des-indicateurs-objectifs-39-300x200.jpg 300w, https:\/\/motors.tn\/magazine\/wp-content\/uploads\/2026\/01\/Les-Victoires-de-lAutomobile-2026-un-palmares-fonde-sur-des-indicateurs-objectifs-39-768x513.jpg 768w\" sizes=\"(max-width: 950px) 100vw, 950px\" \/>\n\t\t\t<\/div><\/figure><figure class='gallery-item'>\n\t\t\t<div class='gallery-icon landscape'>\n\t\t\t\t<img decoding=\"async\" width=\"950\" height=\"634\" src=\"https:\/\/motors.tn\/magazine\/wp-content\/uploads\/2026\/01\/Les-Victoires-de-lAutomobile-2026-un-palmares-fonde-sur-des-indicateurs-objectifs-40.jpg\" class=\"attachment-full size-full\" alt=\"\" srcset=\"https:\/\/motors.tn\/magazine\/wp-content\/uploads\/2026\/01\/Les-Victoires-de-lAutomobile-2026-un-palmares-fonde-sur-des-indicateurs-objectifs-40.jpg 950w, https:\/\/motors.tn\/magazine\/wp-content\/uploads\/2026\/01\/Les-Victoires-de-lAutomobile-2026-un-palmares-fonde-sur-des-indicateurs-objectifs-40-300x200.jpg 300w, https:\/\/motors.tn\/magazine\/wp-content\/uploads\/2026\/01\/Les-Victoires-de-lAutomobile-2026-un-palmares-fonde-sur-des-indicateurs-objectifs-40-768x513.jpg 768w\" sizes=\"(max-width: 950px) 100vw, 950px\" \/>\n\t\t\t<\/div><\/figure><figure class='gallery-item'>\n\t\t\t<div class='gallery-icon landscape'>\n\t\t\t\t<img decoding=\"async\" width=\"950\" height=\"634\" src=\"https:\/\/motors.tn\/magazine\/wp-content\/uploads\/2026\/01\/Les-Victoires-de-lAutomobile-2026-un-palmares-fonde-sur-des-indicateurs-objectifs-42.jpg\" class=\"attachment-full size-full\" alt=\"\" srcset=\"https:\/\/motors.tn\/magazine\/wp-content\/uploads\/2026\/01\/Les-Victoires-de-lAutomobile-2026-un-palmares-fonde-sur-des-indicateurs-objectifs-42.jpg 950w, https:\/\/motors.tn\/magazine\/wp-content\/uploads\/2026\/01\/Les-Victoires-de-lAutomobile-2026-un-palmares-fonde-sur-des-indicateurs-objectifs-42-300x200.jpg 300w, https:\/\/motors.tn\/magazine\/wp-content\/uploads\/2026\/01\/Les-Victoires-de-lAutomobile-2026-un-palmares-fonde-sur-des-indicateurs-objectifs-42-768x513.jpg 768w\" sizes=\"(max-width: 950px) 100vw, 950px\" \/>\n\t\t\t<\/div><\/figure><figure class='gallery-item'>\n\t\t\t<div class='gallery-icon landscape'>\n\t\t\t\t<img decoding=\"async\" width=\"950\" height=\"634\" src=\"https:\/\/motors.tn\/magazine\/wp-content\/uploads\/2026\/01\/Les-Victoires-de-lAutomobile-2026-un-palmares-fonde-sur-des-indicateurs-objectifs-43.jpg\" class=\"attachment-full size-full\" alt=\"\" srcset=\"https:\/\/motors.tn\/magazine\/wp-content\/uploads\/2026\/01\/Les-Victoires-de-lAutomobile-2026-un-palmares-fonde-sur-des-indicateurs-objectifs-43.jpg 950w, https:\/\/motors.tn\/magazine\/wp-content\/uploads\/2026\/01\/Les-Victoires-de-lAutomobile-2026-un-palmares-fonde-sur-des-indicateurs-objectifs-43-300x200.jpg 300w, https:\/\/motors.tn\/magazine\/wp-content\/uploads\/2026\/01\/Les-Victoires-de-lAutomobile-2026-un-palmares-fonde-sur-des-indicateurs-objectifs-43-768x513.jpg 768w\" sizes=\"(max-width: 950px) 100vw, 950px\" \/>\n\t\t\t<\/div><\/figure><figure class='gallery-item'>\n\t\t\t<div class='gallery-icon landscape'>\n\t\t\t\t<img decoding=\"async\" width=\"950\" height=\"634\" src=\"https:\/\/motors.tn\/magazine\/wp-content\/uploads\/2026\/01\/Les-Victoires-de-lAutomobile-2026-un-palmares-fonde-sur-des-indicateurs-objectifs-44.jpg\" class=\"attachment-full size-full\" alt=\"\" srcset=\"https:\/\/motors.tn\/magazine\/wp-content\/uploads\/2026\/01\/Les-Victoires-de-lAutomobile-2026-un-palmares-fonde-sur-des-indicateurs-objectifs-44.jpg 950w, https:\/\/motors.tn\/magazine\/wp-content\/uploads\/2026\/01\/Les-Victoires-de-lAutomobile-2026-un-palmares-fonde-sur-des-indicateurs-objectifs-44-300x200.jpg 300w, https:\/\/motors.tn\/magazine\/wp-content\/uploads\/2026\/01\/Les-Victoires-de-lAutomobile-2026-un-palmares-fonde-sur-des-indicateurs-objectifs-44-768x513.jpg 768w\" sizes=\"(max-width: 950px) 100vw, 950px\" \/>\n\t\t\t<\/div><\/figure><figure class='gallery-item'>\n\t\t\t<div class='gallery-icon landscape'>\n\t\t\t\t<img decoding=\"async\" width=\"950\" height=\"634\" src=\"https:\/\/motors.tn\/magazine\/wp-content\/uploads\/2026\/01\/Les-Victoires-de-lAutomobile-2026-un-palmares-fonde-sur-des-indicateurs-objectifs-45.jpg\" class=\"attachment-full size-full\" alt=\"\" srcset=\"https:\/\/motors.tn\/magazine\/wp-content\/uploads\/2026\/01\/Les-Victoires-de-lAutomobile-2026-un-palmares-fonde-sur-des-indicateurs-objectifs-45.jpg 950w, https:\/\/motors.tn\/magazine\/wp-content\/uploads\/2026\/01\/Les-Victoires-de-lAutomobile-2026-un-palmares-fonde-sur-des-indicateurs-objectifs-45-300x200.jpg 300w, https:\/\/motors.tn\/magazine\/wp-content\/uploads\/2026\/01\/Les-Victoires-de-lAutomobile-2026-un-palmares-fonde-sur-des-indicateurs-objectifs-45-768x513.jpg 768w\" sizes=\"(max-width: 950px) 100vw, 950px\" \/>\n\t\t\t<\/div><\/figure><figure class='gallery-item'>\n\t\t\t<div class='gallery-icon landscape'>\n\t\t\t\t<img decoding=\"async\" width=\"950\" height=\"634\" src=\"https:\/\/motors.tn\/magazine\/wp-content\/uploads\/2026\/01\/Les-Victoires-de-lAutomobile-2026-un-palmares-fonde-sur-des-indicateurs-objectifs-46.jpg\" class=\"attachment-full size-full\" alt=\"\" srcset=\"https:\/\/motors.tn\/magazine\/wp-content\/uploads\/2026\/01\/Les-Victoires-de-lAutomobile-2026-un-palmares-fonde-sur-des-indicateurs-objectifs-46.jpg 950w, https:\/\/motors.tn\/magazine\/wp-content\/uploads\/2026\/01\/Les-Victoires-de-lAutomobile-2026-un-palmares-fonde-sur-des-indicateurs-objectifs-46-300x200.jpg 300w, https:\/\/motors.tn\/magazine\/wp-content\/uploads\/2026\/01\/Les-Victoires-de-lAutomobile-2026-un-palmares-fonde-sur-des-indicateurs-objectifs-46-768x513.jpg 768w\" sizes=\"(max-width: 950px) 100vw, 950px\" \/>\n\t\t\t<\/div><\/figure><figure class='gallery-item'>\n\t\t\t<div class='gallery-icon landscape'>\n\t\t\t\t<img decoding=\"async\" width=\"950\" height=\"634\" src=\"https:\/\/motors.tn\/magazine\/wp-content\/uploads\/2026\/01\/Les-Victoires-de-lAutomobile-2026-un-palmares-fonde-sur-des-indicateurs-objectifs-47.jpg\" class=\"attachment-full size-full\" alt=\"\" srcset=\"https:\/\/motors.tn\/magazine\/wp-content\/uploads\/2026\/01\/Les-Victoires-de-lAutomobile-2026-un-palmares-fonde-sur-des-indicateurs-objectifs-47.jpg 950w, https:\/\/motors.tn\/magazine\/wp-content\/uploads\/2026\/01\/Les-Victoires-de-lAutomobile-2026-un-palmares-fonde-sur-des-indicateurs-objectifs-47-300x200.jpg 300w, https:\/\/motors.tn\/magazine\/wp-content\/uploads\/2026\/01\/Les-Victoires-de-lAutomobile-2026-un-palmares-fonde-sur-des-indicateurs-objectifs-47-768x513.jpg 768w\" sizes=\"(max-width: 950px) 100vw, 950px\" \/>\n\t\t\t<\/div><\/figure><figure class='gallery-item'>\n\t\t\t<div class='gallery-icon landscape'>\n\t\t\t\t<img decoding=\"async\" width=\"950\" height=\"634\" src=\"https:\/\/motors.tn\/magazine\/wp-content\/uploads\/2026\/01\/Les-Victoires-de-lAutomobile-2026-un-palmares-fonde-sur-des-indicateurs-objectifs-48.jpg\" class=\"attachment-full size-full\" alt=\"\" srcset=\"https:\/\/motors.tn\/magazine\/wp-content\/uploads\/2026\/01\/Les-Victoires-de-lAutomobile-2026-un-palmares-fonde-sur-des-indicateurs-objectifs-48.jpg 950w, https:\/\/motors.tn\/magazine\/wp-content\/uploads\/2026\/01\/Les-Victoires-de-lAutomobile-2026-un-palmares-fonde-sur-des-indicateurs-objectifs-48-300x200.jpg 300w, https:\/\/motors.tn\/magazine\/wp-content\/uploads\/2026\/01\/Les-Victoires-de-lAutomobile-2026-un-palmares-fonde-sur-des-indicateurs-objectifs-48-768x513.jpg 768w\" sizes=\"(max-width: 950px) 100vw, 950px\" \/>\n\t\t\t<\/div><\/figure><figure class='gallery-item'>\n\t\t\t<div class='gallery-icon landscape'>\n\t\t\t\t<img decoding=\"async\" width=\"950\" height=\"634\" src=\"https:\/\/motors.tn\/magazine\/wp-content\/uploads\/2026\/01\/Les-Victoires-de-lAutomobile-2026-un-palmares-fonde-sur-des-indicateurs-objectifs-49.jpg\" class=\"attachment-full size-full\" alt=\"\" srcset=\"https:\/\/motors.tn\/magazine\/wp-content\/uploads\/2026\/01\/Les-Victoires-de-lAutomobile-2026-un-palmares-fonde-sur-des-indicateurs-objectifs-49.jpg 950w, https:\/\/motors.tn\/magazine\/wp-content\/uploads\/2026\/01\/Les-Victoires-de-lAutomobile-2026-un-palmares-fonde-sur-des-indicateurs-objectifs-49-300x200.jpg 300w, https:\/\/motors.tn\/magazine\/wp-content\/uploads\/2026\/01\/Les-Victoires-de-lAutomobile-2026-un-palmares-fonde-sur-des-indicateurs-objectifs-49-768x513.jpg 768w\" sizes=\"(max-width: 950px) 100vw, 950px\" \/>\n\t\t\t<\/div><\/figure><figure class='gallery-item'>\n\t\t\t<div class='gallery-icon landscape'>\n\t\t\t\t<img decoding=\"async\" width=\"950\" height=\"634\" src=\"https:\/\/motors.tn\/magazine\/wp-content\/uploads\/2026\/01\/Les-Victoires-de-lAutomobile-2026-un-palmares-fonde-sur-des-indicateurs-objectifs-50.jpg\" class=\"attachment-full size-full\" alt=\"\" srcset=\"https:\/\/motors.tn\/magazine\/wp-content\/uploads\/2026\/01\/Les-Victoires-de-lAutomobile-2026-un-palmares-fonde-sur-des-indicateurs-objectifs-50.jpg 950w, https:\/\/motors.tn\/magazine\/wp-content\/uploads\/2026\/01\/Les-Victoires-de-lAutomobile-2026-un-palmares-fonde-sur-des-indicateurs-objectifs-50-300x200.jpg 300w, https:\/\/motors.tn\/magazine\/wp-content\/uploads\/2026\/01\/Les-Victoires-de-lAutomobile-2026-un-palmares-fonde-sur-des-indicateurs-objectifs-50-768x513.jpg 768w\" sizes=\"(max-width: 950px) 100vw, 950px\" \/>\n\t\t\t<\/div><\/figure><figure class='gallery-item'>\n\t\t\t<div class='gallery-icon landscape'>\n\t\t\t\t<img decoding=\"async\" width=\"950\" height=\"634\" src=\"https:\/\/motors.tn\/magazine\/wp-content\/uploads\/2026\/01\/Les-Victoires-de-lAutomobile-2026-un-palmares-fonde-sur-des-indicateurs-objectifs-51.jpg\" class=\"attachment-full size-full\" alt=\"\" srcset=\"https:\/\/motors.tn\/magazine\/wp-content\/uploads\/2026\/01\/Les-Victoires-de-lAutomobile-2026-un-palmares-fonde-sur-des-indicateurs-objectifs-51.jpg 950w, https:\/\/motors.tn\/magazine\/wp-content\/uploads\/2026\/01\/Les-Victoires-de-lAutomobile-2026-un-palmares-fonde-sur-des-indicateurs-objectifs-51-300x200.jpg 300w, https:\/\/motors.tn\/magazine\/wp-content\/uploads\/2026\/01\/Les-Victoires-de-lAutomobile-2026-un-palmares-fonde-sur-des-indicateurs-objectifs-51-768x513.jpg 768w\" sizes=\"(max-width: 950px) 100vw, 950px\" \/>\n\t\t\t<\/div><\/figure><figure class='gallery-item'>\n\t\t\t<div class='gallery-icon landscape'>\n\t\t\t\t<img decoding=\"async\" width=\"950\" height=\"634\" src=\"https:\/\/motors.tn\/magazine\/wp-content\/uploads\/2026\/01\/Les-Victoires-de-lAutomobile-2026-un-palmares-fonde-sur-des-indicateurs-objectifs-53.jpg\" class=\"attachment-full size-full\" alt=\"\" srcset=\"https:\/\/motors.tn\/magazine\/wp-content\/uploads\/2026\/01\/Les-Victoires-de-lAutomobile-2026-un-palmares-fonde-sur-des-indicateurs-objectifs-53.jpg 950w, https:\/\/motors.tn\/magazine\/wp-content\/uploads\/2026\/01\/Les-Victoires-de-lAutomobile-2026-un-palmares-fonde-sur-des-indicateurs-objectifs-53-300x200.jpg 300w, https:\/\/motors.tn\/magazine\/wp-content\/uploads\/2026\/01\/Les-Victoires-de-lAutomobile-2026-un-palmares-fonde-sur-des-indicateurs-objectifs-53-768x513.jpg 768w\" sizes=\"(max-width: 950px) 100vw, 950px\" \/>\n\t\t\t<\/div><\/figure><figure class='gallery-item'>\n\t\t\t<div class='gallery-icon landscape'>\n\t\t\t\t<img decoding=\"async\" width=\"950\" height=\"634\" src=\"https:\/\/motors.tn\/magazine\/wp-content\/uploads\/2026\/01\/Les-Victoires-de-lAutomobile-2026-un-palmares-fonde-sur-des-indicateurs-objectifs-54.jpg\" class=\"attachment-full size-full\" alt=\"\" srcset=\"https:\/\/motors.tn\/magazine\/wp-content\/uploads\/2026\/01\/Les-Victoires-de-lAutomobile-2026-un-palmares-fonde-sur-des-indicateurs-objectifs-54.jpg 950w, https:\/\/motors.tn\/magazine\/wp-content\/uploads\/2026\/01\/Les-Victoires-de-lAutomobile-2026-un-palmares-fonde-sur-des-indicateurs-objectifs-54-300x200.jpg 300w, https:\/\/motors.tn\/magazine\/wp-content\/uploads\/2026\/01\/Les-Victoires-de-lAutomobile-2026-un-palmares-fonde-sur-des-indicateurs-objectifs-54-768x513.jpg 768w\" sizes=\"(max-width: 950px) 100vw, 950px\" \/>\n\t\t\t<\/div><\/figure><figure class='gallery-item'>\n\t\t\t<div class='gallery-icon landscape'>\n\t\t\t\t<img decoding=\"async\" width=\"950\" height=\"634\" src=\"https:\/\/motors.tn\/magazine\/wp-content\/uploads\/2026\/01\/Les-Victoires-de-lAutomobile-2026-un-palmares-fonde-sur-des-indicateurs-objectifs-56.jpg\" class=\"attachment-full size-full\" alt=\"\" srcset=\"https:\/\/motors.tn\/magazine\/wp-content\/uploads\/2026\/01\/Les-Victoires-de-lAutomobile-2026-un-palmares-fonde-sur-des-indicateurs-objectifs-56.jpg 950w, https:\/\/motors.tn\/magazine\/wp-content\/uploads\/2026\/01\/Les-Victoires-de-lAutomobile-2026-un-palmares-fonde-sur-des-indicateurs-objectifs-56-300x200.jpg 300w, https:\/\/motors.tn\/magazine\/wp-content\/uploads\/2026\/01\/Les-Victoires-de-lAutomobile-2026-un-palmares-fonde-sur-des-indicateurs-objectifs-56-768x513.jpg 768w\" sizes=\"(max-width: 950px) 100vw, 950px\" \/>\n\t\t\t<\/div><\/figure><figure class='gallery-item'>\n\t\t\t<div class='gallery-icon landscape'>\n\t\t\t\t<img decoding=\"async\" width=\"950\" height=\"634\" src=\"https:\/\/motors.tn\/magazine\/wp-content\/uploads\/2026\/01\/Les-Victoires-de-lAutomobile-2026-un-palmares-fonde-sur-des-indicateurs-objectifs-57.jpg\" class=\"attachment-full size-full\" alt=\"\" srcset=\"https:\/\/motors.tn\/magazine\/wp-content\/uploads\/2026\/01\/Les-Victoires-de-lAutomobile-2026-un-palmares-fonde-sur-des-indicateurs-objectifs-57.jpg 950w, https:\/\/motors.tn\/magazine\/wp-content\/uploads\/2026\/01\/Les-Victoires-de-lAutomobile-2026-un-palmares-fonde-sur-des-indicateurs-objectifs-57-300x200.jpg 300w, https:\/\/motors.tn\/magazine\/wp-content\/uploads\/2026\/01\/Les-Victoires-de-lAutomobile-2026-un-palmares-fonde-sur-des-indicateurs-objectifs-57-768x513.jpg 768w\" sizes=\"(max-width: 950px) 100vw, 950px\" \/>\n\t\t\t<\/div><\/figure><figure class='gallery-item'>\n\t\t\t<div class='gallery-icon landscape'>\n\t\t\t\t<img decoding=\"async\" width=\"950\" height=\"634\" src=\"https:\/\/motors.tn\/magazine\/wp-content\/uploads\/2026\/01\/Les-Victoires-de-lAutomobile-2026-un-palmares-fonde-sur-des-indicateurs-objectifs-58.jpg\" class=\"attachment-full size-full\" alt=\"\" srcset=\"https:\/\/motors.tn\/magazine\/wp-content\/uploads\/2026\/01\/Les-Victoires-de-lAutomobile-2026-un-palmares-fonde-sur-des-indicateurs-objectifs-58.jpg 950w, https:\/\/motors.tn\/magazine\/wp-content\/uploads\/2026\/01\/Les-Victoires-de-lAutomobile-2026-un-palmares-fonde-sur-des-indicateurs-objectifs-58-300x200.jpg 300w, https:\/\/motors.tn\/magazine\/wp-content\/uploads\/2026\/01\/Les-Victoires-de-lAutomobile-2026-un-palmares-fonde-sur-des-indicateurs-objectifs-58-768x513.jpg 768w\" sizes=\"(max-width: 950px) 100vw, 950px\" \/>\n\t\t\t<\/div><\/figure><figure class='gallery-item'>\n\t\t\t<div class='gallery-icon landscape'>\n\t\t\t\t<img decoding=\"async\" width=\"950\" height=\"634\" src=\"https:\/\/motors.tn\/magazine\/wp-content\/uploads\/2026\/01\/Les-Victoires-de-lAutomobile-2026-un-palmares-fonde-sur-des-indicateurs-objectifs-59.jpg\" class=\"attachment-full size-full\" alt=\"\" srcset=\"https:\/\/motors.tn\/magazine\/wp-content\/uploads\/2026\/01\/Les-Victoires-de-lAutomobile-2026-un-palmares-fonde-sur-des-indicateurs-objectifs-59.jpg 950w, https:\/\/motors.tn\/magazine\/wp-content\/uploads\/2026\/01\/Les-Victoires-de-lAutomobile-2026-un-palmares-fonde-sur-des-indicateurs-objectifs-59-300x200.jpg 300w, https:\/\/motors.tn\/magazine\/wp-content\/uploads\/2026\/01\/Les-Victoires-de-lAutomobile-2026-un-palmares-fonde-sur-des-indicateurs-objectifs-59-768x513.jpg 768w\" sizes=\"(max-width: 950px) 100vw, 950px\" \/>\n\t\t\t<\/div><\/figure><figure class='gallery-item'>\n\t\t\t<div class='gallery-icon landscape'>\n\t\t\t\t<img decoding=\"async\" width=\"950\" height=\"634\" src=\"https:\/\/motors.tn\/magazine\/wp-content\/uploads\/2026\/01\/Les-Victoires-de-lAutomobile-2026-un-palmares-fonde-sur-des-indicateurs-objectifs-60.jpg\" class=\"attachment-full size-full\" alt=\"\" srcset=\"https:\/\/motors.tn\/magazine\/wp-content\/uploads\/2026\/01\/Les-Victoires-de-lAutomobile-2026-un-palmares-fonde-sur-des-indicateurs-objectifs-60.jpg 950w, https:\/\/motors.tn\/magazine\/wp-content\/uploads\/2026\/01\/Les-Victoires-de-lAutomobile-2026-un-palmares-fonde-sur-des-indicateurs-objectifs-60-300x200.jpg 300w, https:\/\/motors.tn\/magazine\/wp-content\/uploads\/2026\/01\/Les-Victoires-de-lAutomobile-2026-un-palmares-fonde-sur-des-indicateurs-objectifs-60-768x513.jpg 768w\" sizes=\"(max-width: 950px) 100vw, 950px\" \/>\n\t\t\t<\/div><\/figure><figure class='gallery-item'>\n\t\t\t<div class='gallery-icon landscape'>\n\t\t\t\t<img decoding=\"async\" width=\"950\" height=\"634\" src=\"https:\/\/motors.tn\/magazine\/wp-content\/uploads\/2026\/01\/Les-Victoires-de-lAutomobile-2026-un-palmares-fonde-sur-des-indicateurs-objectifs-61.jpg\" class=\"attachment-full size-full\" alt=\"\" srcset=\"https:\/\/motors.tn\/magazine\/wp-content\/uploads\/2026\/01\/Les-Victoires-de-lAutomobile-2026-un-palmares-fonde-sur-des-indicateurs-objectifs-61.jpg 950w, https:\/\/motors.tn\/magazine\/wp-content\/uploads\/2026\/01\/Les-Victoires-de-lAutomobile-2026-un-palmares-fonde-sur-des-indicateurs-objectifs-61-300x200.jpg 300w, https:\/\/motors.tn\/magazine\/wp-content\/uploads\/2026\/01\/Les-Victoires-de-lAutomobile-2026-un-palmares-fonde-sur-des-indicateurs-objectifs-61-768x513.jpg 768w\" sizes=\"(max-width: 950px) 100vw, 950px\" \/>\n\t\t\t<\/div><\/figure><figure class='gallery-item'>\n\t\t\t<div class='gallery-icon landscape'>\n\t\t\t\t<img decoding=\"async\" width=\"950\" height=\"634\" src=\"https:\/\/motors.tn\/magazine\/wp-content\/uploads\/2026\/01\/Les-Victoires-de-lAutomobile-2026-un-palmares-fonde-sur-des-indicateurs-objectifs-62.jpg\" class=\"attachment-full size-full\" alt=\"\" srcset=\"https:\/\/motors.tn\/magazine\/wp-content\/uploads\/2026\/01\/Les-Victoires-de-lAutomobile-2026-un-palmares-fonde-sur-des-indicateurs-objectifs-62.jpg 950w, https:\/\/motors.tn\/magazine\/wp-content\/uploads\/2026\/01\/Les-Victoires-de-lAutomobile-2026-un-palmares-fonde-sur-des-indicateurs-objectifs-62-300x200.jpg 300w, https:\/\/motors.tn\/magazine\/wp-content\/uploads\/2026\/01\/Les-Victoires-de-lAutomobile-2026-un-palmares-fonde-sur-des-indicateurs-objectifs-62-768x513.jpg 768w\" sizes=\"(max-width: 950px) 100vw, 950px\" \/>\n\t\t\t<\/div><\/figure><figure class='gallery-item'>\n\t\t\t<div class='gallery-icon landscape'>\n\t\t\t\t<img decoding=\"async\" width=\"950\" height=\"634\" src=\"https:\/\/motors.tn\/magazine\/wp-content\/uploads\/2026\/01\/Les-Victoires-de-lAutomobile-2026-un-palmares-fonde-sur-des-indicateurs-objectifs-63.jpg\" class=\"attachment-full size-full\" alt=\"\" srcset=\"https:\/\/motors.tn\/magazine\/wp-content\/uploads\/2026\/01\/Les-Victoires-de-lAutomobile-2026-un-palmares-fonde-sur-des-indicateurs-objectifs-63.jpg 950w, https:\/\/motors.tn\/magazine\/wp-content\/uploads\/2026\/01\/Les-Victoires-de-lAutomobile-2026-un-palmares-fonde-sur-des-indicateurs-objectifs-63-300x200.jpg 300w, https:\/\/motors.tn\/magazine\/wp-content\/uploads\/2026\/01\/Les-Victoires-de-lAutomobile-2026-un-palmares-fonde-sur-des-indicateurs-objectifs-63-768x513.jpg 768w\" sizes=\"(max-width: 950px) 100vw, 950px\" \/>\n\t\t\t<\/div><\/figure><figure class='gallery-item'>\n\t\t\t<div class='gallery-icon landscape'>\n\t\t\t\t<img decoding=\"async\" width=\"950\" height=\"634\" src=\"https:\/\/motors.tn\/magazine\/wp-content\/uploads\/2026\/01\/Les-Victoires-de-lAutomobile-2026-un-palmares-fonde-sur-des-indicateurs-objectifs-64.jpg\" class=\"attachment-full size-full\" alt=\"\" srcset=\"https:\/\/motors.tn\/magazine\/wp-content\/uploads\/2026\/01\/Les-Victoires-de-lAutomobile-2026-un-palmares-fonde-sur-des-indicateurs-objectifs-64.jpg 950w, https:\/\/motors.tn\/magazine\/wp-content\/uploads\/2026\/01\/Les-Victoires-de-lAutomobile-2026-un-palmares-fonde-sur-des-indicateurs-objectifs-64-300x200.jpg 300w, https:\/\/motors.tn\/magazine\/wp-content\/uploads\/2026\/01\/Les-Victoires-de-lAutomobile-2026-un-palmares-fonde-sur-des-indicateurs-objectifs-64-768x513.jpg 768w\" sizes=\"(max-width: 950px) 100vw, 950px\" \/>\n\t\t\t<\/div><\/figure><figure class='gallery-item'>\n\t\t\t<div class='gallery-icon landscape'>\n\t\t\t\t<img decoding=\"async\" width=\"950\" height=\"634\" src=\"https:\/\/motors.tn\/magazine\/wp-content\/uploads\/2026\/01\/Les-Victoires-de-lAutomobile-2026-un-palmares-fonde-sur-des-indicateurs-objectifs-65.jpg\" class=\"attachment-full size-full\" alt=\"\" srcset=\"https:\/\/motors.tn\/magazine\/wp-content\/uploads\/2026\/01\/Les-Victoires-de-lAutomobile-2026-un-palmares-fonde-sur-des-indicateurs-objectifs-65.jpg 950w, https:\/\/motors.tn\/magazine\/wp-content\/uploads\/2026\/01\/Les-Victoires-de-lAutomobile-2026-un-palmares-fonde-sur-des-indicateurs-objectifs-65-300x200.jpg 300w, https:\/\/motors.tn\/magazine\/wp-content\/uploads\/2026\/01\/Les-Victoires-de-lAutomobile-2026-un-palmares-fonde-sur-des-indicateurs-objectifs-65-768x513.jpg 768w\" sizes=\"(max-width: 950px) 100vw, 950px\" \/>\n\t\t\t<\/div><\/figure><figure class='gallery-item'>\n\t\t\t<div class='gallery-icon landscape'>\n\t\t\t\t<img decoding=\"async\" width=\"950\" height=\"634\" src=\"https:\/\/motors.tn\/magazine\/wp-content\/uploads\/2026\/01\/Les-Victoires-de-lAutomobile-2026-un-palmares-fonde-sur-des-indicateurs-objectifs-67.jpg\" class=\"attachment-full size-full\" alt=\"\" srcset=\"https:\/\/motors.tn\/magazine\/wp-content\/uploads\/2026\/01\/Les-Victoires-de-lAutomobile-2026-un-palmares-fonde-sur-des-indicateurs-objectifs-67.jpg 950w, https:\/\/motors.tn\/magazine\/wp-content\/uploads\/2026\/01\/Les-Victoires-de-lAutomobile-2026-un-palmares-fonde-sur-des-indicateurs-objectifs-67-300x200.jpg 300w, https:\/\/motors.tn\/magazine\/wp-content\/uploads\/2026\/01\/Les-Victoires-de-lAutomobile-2026-un-palmares-fonde-sur-des-indicateurs-objectifs-67-768x513.jpg 768w\" sizes=\"(max-width: 950px) 100vw, 950px\" \/>\n\t\t\t<\/div><\/figure><figure class='gallery-item'>\n\t\t\t<div class='gallery-icon landscape'>\n\t\t\t\t<img decoding=\"async\" width=\"950\" height=\"634\" src=\"https:\/\/motors.tn\/magazine\/wp-content\/uploads\/2026\/01\/Les-Victoires-de-lAutomobile-2026-un-palmares-fonde-sur-des-indicateurs-objectifs-68.jpg\" class=\"attachment-full size-full\" alt=\"\" srcset=\"https:\/\/motors.tn\/magazine\/wp-content\/uploads\/2026\/01\/Les-Victoires-de-lAutomobile-2026-un-palmares-fonde-sur-des-indicateurs-objectifs-68.jpg 950w, https:\/\/motors.tn\/magazine\/wp-content\/uploads\/2026\/01\/Les-Victoires-de-lAutomobile-2026-un-palmares-fonde-sur-des-indicateurs-objectifs-68-300x200.jpg 300w, https:\/\/motors.tn\/magazine\/wp-content\/uploads\/2026\/01\/Les-Victoires-de-lAutomobile-2026-un-palmares-fonde-sur-des-indicateurs-objectifs-68-768x513.jpg 768w\" sizes=\"(max-width: 950px) 100vw, 950px\" \/>\n\t\t\t<\/div><\/figure><figure class='gallery-item'>\n\t\t\t<div class='gallery-icon landscape'>\n\t\t\t\t<img decoding=\"async\" width=\"950\" height=\"634\" src=\"https:\/\/motors.tn\/magazine\/wp-content\/uploads\/2026\/01\/Les-Victoires-de-lAutomobile-2026-un-palmares-fonde-sur-des-indicateurs-objectifs-69.jpg\" class=\"attachment-full size-full\" alt=\"\" srcset=\"https:\/\/motors.tn\/magazine\/wp-content\/uploads\/2026\/01\/Les-Victoires-de-lAutomobile-2026-un-palmares-fonde-sur-des-indicateurs-objectifs-69.jpg 950w, https:\/\/motors.tn\/magazine\/wp-content\/uploads\/2026\/01\/Les-Victoires-de-lAutomobile-2026-un-palmares-fonde-sur-des-indicateurs-objectifs-69-300x200.jpg 300w, https:\/\/motors.tn\/magazine\/wp-content\/uploads\/2026\/01\/Les-Victoires-de-lAutomobile-2026-un-palmares-fonde-sur-des-indicateurs-objectifs-69-768x513.jpg 768w\" sizes=\"(max-width: 950px) 100vw, 950px\" \/>\n\t\t\t<\/div><\/figure><figure class='gallery-item'>\n\t\t\t<div class='gallery-icon landscape'>\n\t\t\t\t<img decoding=\"async\" width=\"950\" height=\"634\" src=\"https:\/\/motors.tn\/magazine\/wp-content\/uploads\/2026\/01\/Les-Victoires-de-lAutomobile-2026-un-palmares-fonde-sur-des-indicateurs-objectifs-71.jpg\" class=\"attachment-full size-full\" alt=\"\" srcset=\"https:\/\/motors.tn\/magazine\/wp-content\/uploads\/2026\/01\/Les-Victoires-de-lAutomobile-2026-un-palmares-fonde-sur-des-indicateurs-objectifs-71.jpg 950w, https:\/\/motors.tn\/magazine\/wp-content\/uploads\/2026\/01\/Les-Victoires-de-lAutomobile-2026-un-palmares-fonde-sur-des-indicateurs-objectifs-71-300x200.jpg 300w, https:\/\/motors.tn\/magazine\/wp-content\/uploads\/2026\/01\/Les-Victoires-de-lAutomobile-2026-un-palmares-fonde-sur-des-indicateurs-objectifs-71-768x513.jpg 768w\" sizes=\"(max-width: 950px) 100vw, 950px\" \/>\n\t\t\t<\/div><\/figure><figure class='gallery-item'>\n\t\t\t<div class='gallery-icon landscape'>\n\t\t\t\t<img decoding=\"async\" width=\"950\" height=\"634\" src=\"https:\/\/motors.tn\/magazine\/wp-content\/uploads\/2026\/01\/Les-Victoires-de-lAutomobile-2026-un-palmares-fonde-sur-des-indicateurs-objectifs-72.jpg\" class=\"attachment-full size-full\" alt=\"\" srcset=\"https:\/\/motors.tn\/magazine\/wp-content\/uploads\/2026\/01\/Les-Victoires-de-lAutomobile-2026-un-palmares-fonde-sur-des-indicateurs-objectifs-72.jpg 950w, https:\/\/motors.tn\/magazine\/wp-content\/uploads\/2026\/01\/Les-Victoires-de-lAutomobile-2026-un-palmares-fonde-sur-des-indicateurs-objectifs-72-300x200.jpg 300w, https:\/\/motors.tn\/magazine\/wp-content\/uploads\/2026\/01\/Les-Victoires-de-lAutomobile-2026-un-palmares-fonde-sur-des-indicateurs-objectifs-72-768x513.jpg 768w\" sizes=\"(max-width: 950px) 100vw, 950px\" \/>\n\t\t\t<\/div><\/figure><figure class='gallery-item'>\n\t\t\t<div class='gallery-icon landscape'>\n\t\t\t\t<img decoding=\"async\" width=\"950\" height=\"634\" src=\"https:\/\/motors.tn\/magazine\/wp-content\/uploads\/2026\/01\/Les-Victoires-de-lAutomobile-2026-un-palmares-fonde-sur-des-indicateurs-objectifs-73.jpg\" class=\"attachment-full size-full\" alt=\"\" srcset=\"https:\/\/motors.tn\/magazine\/wp-content\/uploads\/2026\/01\/Les-Victoires-de-lAutomobile-2026-un-palmares-fonde-sur-des-indicateurs-objectifs-73.jpg 950w, https:\/\/motors.tn\/magazine\/wp-content\/uploads\/2026\/01\/Les-Victoires-de-lAutomobile-2026-un-palmares-fonde-sur-des-indicateurs-objectifs-73-300x200.jpg 300w, https:\/\/motors.tn\/magazine\/wp-content\/uploads\/2026\/01\/Les-Victoires-de-lAutomobile-2026-un-palmares-fonde-sur-des-indicateurs-objectifs-73-768x513.jpg 768w\" sizes=\"(max-width: 950px) 100vw, 950px\" \/>\n\t\t\t<\/div><\/figure><figure class='gallery-item'>\n\t\t\t<div class='gallery-icon landscape'>\n\t\t\t\t<img decoding=\"async\" width=\"950\" height=\"633\" src=\"https:\/\/motors.tn\/magazine\/wp-content\/uploads\/2026\/01\/Les-Victoires-de-lAutomobile-2026-un-palmares-fonde-sur-des-indicateurs-objectifs-73-2.jpg\" class=\"attachment-full size-full\" alt=\"\" srcset=\"https:\/\/motors.tn\/magazine\/wp-content\/uploads\/2026\/01\/Les-Victoires-de-lAutomobile-2026-un-palmares-fonde-sur-des-indicateurs-objectifs-73-2.jpg 950w, https:\/\/motors.tn\/magazine\/wp-content\/uploads\/2026\/01\/Les-Victoires-de-lAutomobile-2026-un-palmares-fonde-sur-des-indicateurs-objectifs-73-2-300x200.jpg 300w, https:\/\/motors.tn\/magazine\/wp-content\/uploads\/2026\/01\/Les-Victoires-de-lAutomobile-2026-un-palmares-fonde-sur-des-indicateurs-objectifs-73-2-768x512.jpg 768w\" sizes=\"(max-width: 950px) 100vw, 950px\" \/>\n\t\t\t<\/div><\/figure><figure class='gallery-item'>\n\t\t\t<div class='gallery-icon landscape'>\n\t\t\t\t<img decoding=\"async\" width=\"950\" height=\"633\" src=\"https:\/\/motors.tn\/magazine\/wp-content\/uploads\/2026\/01\/Les-Victoires-de-lAutomobile-2026-un-palmares-fonde-sur-des-indicateurs-objectifs-74-1.jpg\" class=\"attachment-full size-full\" alt=\"\" srcset=\"https:\/\/motors.tn\/magazine\/wp-content\/uploads\/2026\/01\/Les-Victoires-de-lAutomobile-2026-un-palmares-fonde-sur-des-indicateurs-objectifs-74-1.jpg 950w, https:\/\/motors.tn\/magazine\/wp-content\/uploads\/2026\/01\/Les-Victoires-de-lAutomobile-2026-un-palmares-fonde-sur-des-indicateurs-objectifs-74-1-300x200.jpg 300w, https:\/\/motors.tn\/magazine\/wp-content\/uploads\/2026\/01\/Les-Victoires-de-lAutomobile-2026-un-palmares-fonde-sur-des-indicateurs-objectifs-74-1-768x512.jpg 768w\" sizes=\"(max-width: 950px) 100vw, 950px\" \/>\n\t\t\t<\/div><\/figure><figure class='gallery-item'>\n\t\t\t<div class='gallery-icon landscape'>\n\t\t\t\t<img decoding=\"async\" width=\"950\" height=\"633\" src=\"https:\/\/motors.tn\/magazine\/wp-content\/uploads\/2026\/01\/Les-Victoires-de-lAutomobile-2026-un-palmares-fonde-sur-des-indicateurs-objectifs-76-1.jpg\" class=\"attachment-full size-full\" alt=\"\" srcset=\"https:\/\/motors.tn\/magazine\/wp-content\/uploads\/2026\/01\/Les-Victoires-de-lAutomobile-2026-un-palmares-fonde-sur-des-indicateurs-objectifs-76-1.jpg 950w, https:\/\/motors.tn\/magazine\/wp-content\/uploads\/2026\/01\/Les-Victoires-de-lAutomobile-2026-un-palmares-fonde-sur-des-indicateurs-objectifs-76-1-300x200.jpg 300w, https:\/\/motors.tn\/magazine\/wp-content\/uploads\/2026\/01\/Les-Victoires-de-lAutomobile-2026-un-palmares-fonde-sur-des-indicateurs-objectifs-76-1-768x512.jpg 768w\" sizes=\"(max-width: 950px) 100vw, 950px\" \/>\n\t\t\t<\/div><\/figure><figure class='gallery-item'>\n\t\t\t<div class='gallery-icon landscape'>\n\t\t\t\t<img decoding=\"async\" width=\"950\" height=\"633\" src=\"https:\/\/motors.tn\/magazine\/wp-content\/uploads\/2026\/01\/Les-Victoires-de-lAutomobile-2026-un-palmares-fonde-sur-des-indicateurs-objectifs-77.jpg\" class=\"attachment-full size-full\" alt=\"\" srcset=\"https:\/\/motors.tn\/magazine\/wp-content\/uploads\/2026\/01\/Les-Victoires-de-lAutomobile-2026-un-palmares-fonde-sur-des-indicateurs-objectifs-77.jpg 950w, https:\/\/motors.tn\/magazine\/wp-content\/uploads\/2026\/01\/Les-Victoires-de-lAutomobile-2026-un-palmares-fonde-sur-des-indicateurs-objectifs-77-300x200.jpg 300w, https:\/\/motors.tn\/magazine\/wp-content\/uploads\/2026\/01\/Les-Victoires-de-lAutomobile-2026-un-palmares-fonde-sur-des-indicateurs-objectifs-77-768x512.jpg 768w\" sizes=\"(max-width: 950px) 100vw, 950px\" \/>\n\t\t\t<\/div><\/figure><figure class='gallery-item'>\n\t\t\t<div class='gallery-icon landscape'>\n\t\t\t\t<img decoding=\"async\" width=\"950\" height=\"633\" src=\"https:\/\/motors.tn\/magazine\/wp-content\/uploads\/2026\/01\/Les-Victoires-de-lAutomobile-2026-un-palmares-fonde-sur-des-indicateurs-objectifs-78-1.jpg\" class=\"attachment-full size-full\" alt=\"\" srcset=\"https:\/\/motors.tn\/magazine\/wp-content\/uploads\/2026\/01\/Les-Victoires-de-lAutomobile-2026-un-palmares-fonde-sur-des-indicateurs-objectifs-78-1.jpg 950w, https:\/\/motors.tn\/magazine\/wp-content\/uploads\/2026\/01\/Les-Victoires-de-lAutomobile-2026-un-palmares-fonde-sur-des-indicateurs-objectifs-78-1-300x200.jpg 300w, https:\/\/motors.tn\/magazine\/wp-content\/uploads\/2026\/01\/Les-Victoires-de-lAutomobile-2026-un-palmares-fonde-sur-des-indicateurs-objectifs-78-1-768x512.jpg 768w\" sizes=\"(max-width: 950px) 100vw, 950px\" \/>\n\t\t\t<\/div><\/figure><figure class='gallery-item'>\n\t\t\t<div class='gallery-icon landscape'>\n\t\t\t\t<img decoding=\"async\" width=\"950\" height=\"633\" src=\"https:\/\/motors.tn\/magazine\/wp-content\/uploads\/2026\/01\/Les-Victoires-de-lAutomobile-2026-un-palmares-fonde-sur-des-indicateurs-objectifs-79.jpg\" class=\"attachment-full size-full\" alt=\"\" srcset=\"https:\/\/motors.tn\/magazine\/wp-content\/uploads\/2026\/01\/Les-Victoires-de-lAutomobile-2026-un-palmares-fonde-sur-des-indicateurs-objectifs-79.jpg 950w, https:\/\/motors.tn\/magazine\/wp-content\/uploads\/2026\/01\/Les-Victoires-de-lAutomobile-2026-un-palmares-fonde-sur-des-indicateurs-objectifs-79-300x200.jpg 300w, https:\/\/motors.tn\/magazine\/wp-content\/uploads\/2026\/01\/Les-Victoires-de-lAutomobile-2026-un-palmares-fonde-sur-des-indicateurs-objectifs-79-768x512.jpg 768w\" sizes=\"(max-width: 950px) 100vw, 950px\" \/>\n\t\t\t<\/div><\/figure><figure class='gallery-item'>\n\t\t\t<div class='gallery-icon landscape'>\n\t\t\t\t<img decoding=\"async\" width=\"950\" height=\"633\" src=\"https:\/\/motors.tn\/magazine\/wp-content\/uploads\/2026\/01\/Les-Victoires-de-lAutomobile-2026-un-palmares-fonde-sur-des-indicateurs-objectifs-80.jpg\" class=\"attachment-full size-full\" alt=\"\" srcset=\"https:\/\/motors.tn\/magazine\/wp-content\/uploads\/2026\/01\/Les-Victoires-de-lAutomobile-2026-un-palmares-fonde-sur-des-indicateurs-objectifs-80.jpg 950w, https:\/\/motors.tn\/magazine\/wp-content\/uploads\/2026\/01\/Les-Victoires-de-lAutomobile-2026-un-palmares-fonde-sur-des-indicateurs-objectifs-80-300x200.jpg 300w, https:\/\/motors.tn\/magazine\/wp-content\/uploads\/2026\/01\/Les-Victoires-de-lAutomobile-2026-un-palmares-fonde-sur-des-indicateurs-objectifs-80-768x512.jpg 768w\" sizes=\"(max-width: 950px) 100vw, 950px\" \/>\n\t\t\t<\/div><\/figure><figure class='gallery-item'>\n\t\t\t<div class='gallery-icon landscape'>\n\t\t\t\t<img decoding=\"async\" width=\"950\" height=\"633\" src=\"https:\/\/motors.tn\/magazine\/wp-content\/uploads\/2026\/01\/Les-Victoires-de-lAutomobile-2026-un-palmares-fonde-sur-des-indicateurs-objectifs-81.jpg\" class=\"attachment-full size-full\" alt=\"\" srcset=\"https:\/\/motors.tn\/magazine\/wp-content\/uploads\/2026\/01\/Les-Victoires-de-lAutomobile-2026-un-palmares-fonde-sur-des-indicateurs-objectifs-81.jpg 950w, https:\/\/motors.tn\/magazine\/wp-content\/uploads\/2026\/01\/Les-Victoires-de-lAutomobile-2026-un-palmares-fonde-sur-des-indicateurs-objectifs-81-300x200.jpg 300w, https:\/\/motors.tn\/magazine\/wp-content\/uploads\/2026\/01\/Les-Victoires-de-lAutomobile-2026-un-palmares-fonde-sur-des-indicateurs-objectifs-81-768x512.jpg 768w\" sizes=\"(max-width: 950px) 100vw, 950px\" \/>\n\t\t\t<\/div><\/figure><figure class='gallery-item'>\n\t\t\t<div class='gallery-icon landscape'>\n\t\t\t\t<img decoding=\"async\" width=\"950\" height=\"464\" src=\"https:\/\/motors.tn\/magazine\/wp-content\/uploads\/2026\/01\/Les-Victoires-de-lAutomobile-2026-un-palmares-fonde-sur-des-indicateurs-objectifs-82-1.jpg\" class=\"attachment-full size-full\" alt=\"\" srcset=\"https:\/\/motors.tn\/magazine\/wp-content\/uploads\/2026\/01\/Les-Victoires-de-lAutomobile-2026-un-palmares-fonde-sur-des-indicateurs-objectifs-82-1.jpg 950w, https:\/\/motors.tn\/magazine\/wp-content\/uploads\/2026\/01\/Les-Victoires-de-lAutomobile-2026-un-palmares-fonde-sur-des-indicateurs-objectifs-82-1-300x147.jpg 300w, https:\/\/motors.tn\/magazine\/wp-content\/uploads\/2026\/01\/Les-Victoires-de-lAutomobile-2026-un-palmares-fonde-sur-des-indicateurs-objectifs-82-1-768x375.jpg 768w\" sizes=\"(max-width: 950px) 100vw, 950px\" \/>\n\t\t\t<\/div><\/figure>\n\t\t<\/div>\n\n","protected":false},"excerpt":{"rendered":"<p>Le secteur automobile en Tunisie a v\u00e9cu le 23 janvier 2026 un moment fort avec la tenue des \u00ab\u00a0Victoires de l\u2019Automobile\u00a0\u00bb, un \u00e9v\u00e9nement qui s\u2019est impos\u00e9 encore une fois comme une r\u00e9f\u00e9rence en mati\u00e8re d\u2019analyse, de reconnaissance et de valorisation des performances des acteurs du march\u00e9. Fruit de l\u2019expertise crois\u00e9e de deux professionnels de la &#8230; <a title=\"\u00ab Les Victoires de l\u2019Automobile \u00bb 2026 : un palmar\u00e8s fond\u00e9 sur des indicateurs objectifs\" class=\"read-more\" href=\"https:\/\/motors.tn\/magazine\/actualites\/les-victoires-de-lautomobile-2026-un-palmares-fonde-sur-des-indicateurs-objectifs\/\" aria-label=\"En savoir plus sur \u00ab Les Victoires de l\u2019Automobile \u00bb 2026 : un palmar\u00e8s fond\u00e9 sur des indicateurs objectifs\">Lire la suite<\/a><\/p>\n","protected":false},"author":1,"featured_media":500809,"comment_status":"closed","ping_status":"closed","sticky":false,"template":"","format":"standard","meta":{"footnotes":""},"categories":[62],"tags":[],"class_list":["post-500749","post","type-post","status-publish","format-standard","has-post-thumbnail","hentry","category-actualites"],"yoast_head":"<!-- This site is optimized with the Yoast SEO plugin v25.7 - https:\/\/yoast.com\/wordpress\/plugins\/seo\/ -->\n<title>\u00ab Les Victoires de l\u2019Automobile \u00bb 2026 : un palmar\u00e8s fond\u00e9 sur des indicateurs objectifs - Motors.tn<\/title>\n<meta name=\"description\" content=\"Les troph\u00e9es ont \u00e9t\u00e9 attribu\u00e9s selon une m\u00e9thodologie reposant sur des crit\u00e8res d\u00e9finis et analys\u00e9s par trois cabinets sp\u00e9cialis\u00e9s ind\u00e9pendants\" \/>\n<meta name=\"robots\" content=\"index, follow, max-snippet:-1, max-image-preview:large, max-video-preview:-1\" \/>\n<link rel=\"canonical\" href=\"https:\/\/motors.tn\/magazine\/actualites\/les-victoires-de-lautomobile-2026-un-palmares-fonde-sur-des-indicateurs-objectifs\/\" \/>\n<meta property=\"og:locale\" content=\"fr_FR\" \/>\n<meta property=\"og:type\" content=\"article\" \/>\n<meta property=\"og:title\" content=\"\u00ab Les Victoires de l\u2019Automobile \u00bb 2026 : un palmar\u00e8s fond\u00e9 sur des indicateurs objectifs - Motors.tn\" \/>\n<meta property=\"og:description\" content=\"Les troph\u00e9es ont \u00e9t\u00e9 attribu\u00e9s selon une m\u00e9thodologie reposant sur des crit\u00e8res d\u00e9finis et analys\u00e9s par trois cabinets sp\u00e9cialis\u00e9s ind\u00e9pendants\" \/>\n<meta property=\"og:url\" content=\"https:\/\/motors.tn\/magazine\/actualites\/les-victoires-de-lautomobile-2026-un-palmares-fonde-sur-des-indicateurs-objectifs\/\" \/>\n<meta property=\"og:site_name\" content=\"Motors.tn\" \/>\n<meta property=\"article:published_time\" content=\"2026-01-25T20:27:33+00:00\" \/>\n<meta property=\"og:image\" content=\"https:\/\/motors.tn\/magazine\/wp-content\/uploads\/2026\/01\/Les-Victoires-de-lAutomobile-2026-un-palmares-fonde-sur-des-indicateurs-objectifs-82.jpg\" \/>\n\t<meta property=\"og:image:width\" content=\"950\" \/>\n\t<meta property=\"og:image:height\" content=\"464\" \/>\n\t<meta property=\"og:image:type\" content=\"image\/jpeg\" \/>\n<meta name=\"author\" content=\"MC\" \/>\n<meta name=\"twitter:label1\" content=\"\u00c9crit par\" \/>\n\t<meta name=\"twitter:data1\" content=\"\" \/>\n\t<meta name=\"twitter:label2\" content=\"Dur\u00e9e de lecture estim\u00e9e\" \/>\n\t<meta name=\"twitter:data2\" content=\"7 minutes\" \/>\n<script type=\"application\/ld+json\" class=\"yoast-schema-graph\">{\"@context\":\"https:\/\/schema.org\",\"@graph\":[{\"@type\":\"Article\",\"@id\":\"https:\/\/motors.tn\/magazine\/actualites\/les-victoires-de-lautomobile-2026-un-palmares-fonde-sur-des-indicateurs-objectifs\/#article\",\"isPartOf\":{\"@id\":\"https:\/\/motors.tn\/magazine\/actualites\/les-victoires-de-lautomobile-2026-un-palmares-fonde-sur-des-indicateurs-objectifs\/\"},\"author\":{\"name\":\"MC\",\"@id\":\"https:\/\/motors.tn\/magazine\/#\/schema\/person\/d4ce4a963fee7f00714b50188305429a\"},\"headline\":\"\u00ab Les Victoires de l\u2019Automobile \u00bb 2026 : un palmar\u00e8s fond\u00e9 sur des indicateurs objectifs\",\"datePublished\":\"2026-01-25T20:27:33+00:00\",\"mainEntityOfPage\":{\"@id\":\"https:\/\/motors.tn\/magazine\/actualites\/les-victoires-de-lautomobile-2026-un-palmares-fonde-sur-des-indicateurs-objectifs\/\"},\"wordCount\":1174,\"publisher\":{\"@id\":\"https:\/\/motors.tn\/magazine\/#organization\"},\"image\":{\"@id\":\"https:\/\/motors.tn\/magazine\/actualites\/les-victoires-de-lautomobile-2026-un-palmares-fonde-sur-des-indicateurs-objectifs\/#primaryimage\"},\"thumbnailUrl\":\"https:\/\/motors.tn\/magazine\/wp-content\/uploads\/2026\/01\/Les-Victoires-de-lAutomobile-2026-un-palmares-fonde-sur-des-indicateurs-objectifs-82.jpg\",\"articleSection\":[\"Actualit\u00e9s\"],\"inLanguage\":\"fr-FR\"},{\"@type\":\"WebPage\",\"@id\":\"https:\/\/motors.tn\/magazine\/actualites\/les-victoires-de-lautomobile-2026-un-palmares-fonde-sur-des-indicateurs-objectifs\/\",\"url\":\"https:\/\/motors.tn\/magazine\/actualites\/les-victoires-de-lautomobile-2026-un-palmares-fonde-sur-des-indicateurs-objectifs\/\",\"name\":\"\u00ab Les Victoires de l\u2019Automobile \u00bb 2026 : un palmar\u00e8s fond\u00e9 sur des indicateurs objectifs - Motors.tn\",\"isPartOf\":{\"@id\":\"https:\/\/motors.tn\/magazine\/#website\"},\"primaryImageOfPage\":{\"@id\":\"https:\/\/motors.tn\/magazine\/actualites\/les-victoires-de-lautomobile-2026-un-palmares-fonde-sur-des-indicateurs-objectifs\/#primaryimage\"},\"image\":{\"@id\":\"https:\/\/motors.tn\/magazine\/actualites\/les-victoires-de-lautomobile-2026-un-palmares-fonde-sur-des-indicateurs-objectifs\/#primaryimage\"},\"thumbnailUrl\":\"https:\/\/motors.tn\/magazine\/wp-content\/uploads\/2026\/01\/Les-Victoires-de-lAutomobile-2026-un-palmares-fonde-sur-des-indicateurs-objectifs-82.jpg\",\"datePublished\":\"2026-01-25T20:27:33+00:00\",\"description\":\"Les troph\u00e9es ont \u00e9t\u00e9 attribu\u00e9s selon une m\u00e9thodologie reposant sur des crit\u00e8res d\u00e9finis et analys\u00e9s par trois cabinets sp\u00e9cialis\u00e9s ind\u00e9pendants\",\"breadcrumb\":{\"@id\":\"https:\/\/motors.tn\/magazine\/actualites\/les-victoires-de-lautomobile-2026-un-palmares-fonde-sur-des-indicateurs-objectifs\/#breadcrumb\"},\"inLanguage\":\"fr-FR\",\"potentialAction\":[{\"@type\":\"ReadAction\",\"target\":[\"https:\/\/motors.tn\/magazine\/actualites\/les-victoires-de-lautomobile-2026-un-palmares-fonde-sur-des-indicateurs-objectifs\/\"]}]},{\"@type\":\"ImageObject\",\"inLanguage\":\"fr-FR\",\"@id\":\"https:\/\/motors.tn\/magazine\/actualites\/les-victoires-de-lautomobile-2026-un-palmares-fonde-sur-des-indicateurs-objectifs\/#primaryimage\",\"url\":\"https:\/\/motors.tn\/magazine\/wp-content\/uploads\/2026\/01\/Les-Victoires-de-lAutomobile-2026-un-palmares-fonde-sur-des-indicateurs-objectifs-82.jpg\",\"contentUrl\":\"https:\/\/motors.tn\/magazine\/wp-content\/uploads\/2026\/01\/Les-Victoires-de-lAutomobile-2026-un-palmares-fonde-sur-des-indicateurs-objectifs-82.jpg\",\"width\":950,\"height\":464},{\"@type\":\"BreadcrumbList\",\"@id\":\"https:\/\/motors.tn\/magazine\/actualites\/les-victoires-de-lautomobile-2026-un-palmares-fonde-sur-des-indicateurs-objectifs\/#breadcrumb\",\"itemListElement\":[{\"@type\":\"ListItem\",\"position\":1,\"name\":\"Motors.tn\",\"item\":\"https:\/\/motors.tn\/magazine\/\"},{\"@type\":\"ListItem\",\"position\":2,\"name\":\"Actualit\u00e9s\",\"item\":\"https:\/\/motors.tn\/magazine\/category\/actualites\/\"},{\"@type\":\"ListItem\",\"position\":3,\"name\":\"\u00ab Les Victoires de l\u2019Automobile \u00bb 2026 : un palmar\u00e8s fond\u00e9 sur des indicateurs objectifs\"}]},{\"@type\":\"WebSite\",\"@id\":\"https:\/\/motors.tn\/magazine\/#website\",\"url\":\"https:\/\/motors.tn\/magazine\/\",\"name\":\"Motors.tn\",\"description\":\"Actualit\u00e9, prix du neuf et guide d&#039;achat\",\"publisher\":{\"@id\":\"https:\/\/motors.tn\/magazine\/#organization\"},\"potentialAction\":[{\"@type\":\"SearchAction\",\"target\":{\"@type\":\"EntryPoint\",\"urlTemplate\":\"https:\/\/motors.tn\/magazine\/?s={search_term_string}\"},\"query-input\":{\"@type\":\"PropertyValueSpecification\",\"valueRequired\":true,\"valueName\":\"search_term_string\"}}],\"inLanguage\":\"fr-FR\"},{\"@type\":\"Organization\",\"@id\":\"https:\/\/motors.tn\/magazine\/#organization\",\"name\":\"Strat\u00e9gie Digitale\",\"url\":\"https:\/\/motors.tn\/magazine\/\",\"logo\":{\"@type\":\"ImageObject\",\"inLanguage\":\"fr-FR\",\"@id\":\"https:\/\/motors.tn\/magazine\/#\/schema\/logo\/image\/\",\"url\":\"https:\/\/motors.tn\/magazine\/wp-content\/uploads\/2020\/05\/cropped-cropped-logo9bleu.png\",\"contentUrl\":\"https:\/\/motors.tn\/magazine\/wp-content\/uploads\/2020\/05\/cropped-cropped-logo9bleu.png\",\"width\":277,\"height\":44,\"caption\":\"Strat\u00e9gie Digitale\"},\"image\":{\"@id\":\"https:\/\/motors.tn\/magazine\/#\/schema\/logo\/image\/\"}},{\"@type\":\"Person\",\"@id\":\"https:\/\/motors.tn\/magazine\/#\/schema\/person\/d4ce4a963fee7f00714b50188305429a\",\"name\":\"MC\",\"image\":{\"@type\":\"ImageObject\",\"inLanguage\":\"fr-FR\",\"@id\":\"https:\/\/motors.tn\/magazine\/#\/schema\/person\/image\/\",\"url\":\"https:\/\/secure.gravatar.com\/avatar\/b10dd08b43fe5d20fb88bcbf0627ade543991d0e589411257ad439489ea1c842?s=96&d=mm&r=g\",\"contentUrl\":\"https:\/\/secure.gravatar.com\/avatar\/b10dd08b43fe5d20fb88bcbf0627ade543991d0e589411257ad439489ea1c842?s=96&d=mm&r=g\",\"caption\":\"MC\"},\"url\":\"https:\/\/motors.tn\/magazine\/author\/jrurijnfh2\/\"}]}<\/script>\n<!-- \/ Yoast SEO plugin. -->","yoast_head_json":{"title":"\u00ab Les Victoires de l\u2019Automobile \u00bb 2026 : un palmar\u00e8s fond\u00e9 sur des indicateurs objectifs - Motors.tn","description":"Les troph\u00e9es ont \u00e9t\u00e9 attribu\u00e9s selon une m\u00e9thodologie reposant sur des crit\u00e8res d\u00e9finis et analys\u00e9s par trois cabinets sp\u00e9cialis\u00e9s ind\u00e9pendants","robots":{"index":"index","follow":"follow","max-snippet":"max-snippet:-1","max-image-preview":"max-image-preview:large","max-video-preview":"max-video-preview:-1"},"canonical":"https:\/\/motors.tn\/magazine\/actualites\/les-victoires-de-lautomobile-2026-un-palmares-fonde-sur-des-indicateurs-objectifs\/","og_locale":"fr_FR","og_type":"article","og_title":"\u00ab Les Victoires de l\u2019Automobile \u00bb 2026 : un palmar\u00e8s fond\u00e9 sur des indicateurs objectifs - Motors.tn","og_description":"Les troph\u00e9es ont \u00e9t\u00e9 attribu\u00e9s selon une m\u00e9thodologie reposant sur des crit\u00e8res d\u00e9finis et analys\u00e9s par trois cabinets sp\u00e9cialis\u00e9s ind\u00e9pendants","og_url":"https:\/\/motors.tn\/magazine\/actualites\/les-victoires-de-lautomobile-2026-un-palmares-fonde-sur-des-indicateurs-objectifs\/","og_site_name":"Motors.tn","article_published_time":"2026-01-25T20:27:33+00:00","og_image":[{"width":950,"height":464,"url":"https:\/\/motors.tn\/magazine\/wp-content\/uploads\/2026\/01\/Les-Victoires-de-lAutomobile-2026-un-palmares-fonde-sur-des-indicateurs-objectifs-82.jpg","type":"image\/jpeg"}],"author":"MC","twitter_misc":{"\u00c9crit par":false,"Dur\u00e9e de lecture estim\u00e9e":"7 minutes"},"schema":{"@context":"https:\/\/schema.org","@graph":[{"@type":"Article","@id":"https:\/\/motors.tn\/magazine\/actualites\/les-victoires-de-lautomobile-2026-un-palmares-fonde-sur-des-indicateurs-objectifs\/#article","isPartOf":{"@id":"https:\/\/motors.tn\/magazine\/actualites\/les-victoires-de-lautomobile-2026-un-palmares-fonde-sur-des-indicateurs-objectifs\/"},"author":{"name":"MC","@id":"https:\/\/motors.tn\/magazine\/#\/schema\/person\/d4ce4a963fee7f00714b50188305429a"},"headline":"\u00ab Les Victoires de l\u2019Automobile \u00bb 2026 : un palmar\u00e8s fond\u00e9 sur des indicateurs objectifs","datePublished":"2026-01-25T20:27:33+00:00","mainEntityOfPage":{"@id":"https:\/\/motors.tn\/magazine\/actualites\/les-victoires-de-lautomobile-2026-un-palmares-fonde-sur-des-indicateurs-objectifs\/"},"wordCount":1174,"publisher":{"@id":"https:\/\/motors.tn\/magazine\/#organization"},"image":{"@id":"https:\/\/motors.tn\/magazine\/actualites\/les-victoires-de-lautomobile-2026-un-palmares-fonde-sur-des-indicateurs-objectifs\/#primaryimage"},"thumbnailUrl":"https:\/\/motors.tn\/magazine\/wp-content\/uploads\/2026\/01\/Les-Victoires-de-lAutomobile-2026-un-palmares-fonde-sur-des-indicateurs-objectifs-82.jpg","articleSection":["Actualit\u00e9s"],"inLanguage":"fr-FR"},{"@type":"WebPage","@id":"https:\/\/motors.tn\/magazine\/actualites\/les-victoires-de-lautomobile-2026-un-palmares-fonde-sur-des-indicateurs-objectifs\/","url":"https:\/\/motors.tn\/magazine\/actualites\/les-victoires-de-lautomobile-2026-un-palmares-fonde-sur-des-indicateurs-objectifs\/","name":"\u00ab Les Victoires de l\u2019Automobile \u00bb 2026 : un palmar\u00e8s fond\u00e9 sur des indicateurs objectifs - Motors.tn","isPartOf":{"@id":"https:\/\/motors.tn\/magazine\/#website"},"primaryImageOfPage":{"@id":"https:\/\/motors.tn\/magazine\/actualites\/les-victoires-de-lautomobile-2026-un-palmares-fonde-sur-des-indicateurs-objectifs\/#primaryimage"},"image":{"@id":"https:\/\/motors.tn\/magazine\/actualites\/les-victoires-de-lautomobile-2026-un-palmares-fonde-sur-des-indicateurs-objectifs\/#primaryimage"},"thumbnailUrl":"https:\/\/motors.tn\/magazine\/wp-content\/uploads\/2026\/01\/Les-Victoires-de-lAutomobile-2026-un-palmares-fonde-sur-des-indicateurs-objectifs-82.jpg","datePublished":"2026-01-25T20:27:33+00:00","description":"Les troph\u00e9es ont \u00e9t\u00e9 attribu\u00e9s selon une m\u00e9thodologie reposant sur des crit\u00e8res d\u00e9finis et analys\u00e9s par trois cabinets sp\u00e9cialis\u00e9s ind\u00e9pendants","breadcrumb":{"@id":"https:\/\/motors.tn\/magazine\/actualites\/les-victoires-de-lautomobile-2026-un-palmares-fonde-sur-des-indicateurs-objectifs\/#breadcrumb"},"inLanguage":"fr-FR","potentialAction":[{"@type":"ReadAction","target":["https:\/\/motors.tn\/magazine\/actualites\/les-victoires-de-lautomobile-2026-un-palmares-fonde-sur-des-indicateurs-objectifs\/"]}]},{"@type":"ImageObject","inLanguage":"fr-FR","@id":"https:\/\/motors.tn\/magazine\/actualites\/les-victoires-de-lautomobile-2026-un-palmares-fonde-sur-des-indicateurs-objectifs\/#primaryimage","url":"https:\/\/motors.tn\/magazine\/wp-content\/uploads\/2026\/01\/Les-Victoires-de-lAutomobile-2026-un-palmares-fonde-sur-des-indicateurs-objectifs-82.jpg","contentUrl":"https:\/\/motors.tn\/magazine\/wp-content\/uploads\/2026\/01\/Les-Victoires-de-lAutomobile-2026-un-palmares-fonde-sur-des-indicateurs-objectifs-82.jpg","width":950,"height":464},{"@type":"BreadcrumbList","@id":"https:\/\/motors.tn\/magazine\/actualites\/les-victoires-de-lautomobile-2026-un-palmares-fonde-sur-des-indicateurs-objectifs\/#breadcrumb","itemListElement":[{"@type":"ListItem","position":1,"name":"Motors.tn","item":"https:\/\/motors.tn\/magazine\/"},{"@type":"ListItem","position":2,"name":"Actualit\u00e9s","item":"https:\/\/motors.tn\/magazine\/category\/actualites\/"},{"@type":"ListItem","position":3,"name":"\u00ab Les Victoires de l\u2019Automobile \u00bb 2026 : un palmar\u00e8s fond\u00e9 sur des indicateurs objectifs"}]},{"@type":"WebSite","@id":"https:\/\/motors.tn\/magazine\/#website","url":"https:\/\/motors.tn\/magazine\/","name":"Motors.tn","description":"Actualit\u00e9, prix du neuf et guide d&#039;achat","publisher":{"@id":"https:\/\/motors.tn\/magazine\/#organization"},"potentialAction":[{"@type":"SearchAction","target":{"@type":"EntryPoint","urlTemplate":"https:\/\/motors.tn\/magazine\/?s={search_term_string}"},"query-input":{"@type":"PropertyValueSpecification","valueRequired":true,"valueName":"search_term_string"}}],"inLanguage":"fr-FR"},{"@type":"Organization","@id":"https:\/\/motors.tn\/magazine\/#organization","name":"Strat\u00e9gie Digitale","url":"https:\/\/motors.tn\/magazine\/","logo":{"@type":"ImageObject","inLanguage":"fr-FR","@id":"https:\/\/motors.tn\/magazine\/#\/schema\/logo\/image\/","url":"https:\/\/motors.tn\/magazine\/wp-content\/uploads\/2020\/05\/cropped-cropped-logo9bleu.png","contentUrl":"https:\/\/motors.tn\/magazine\/wp-content\/uploads\/2020\/05\/cropped-cropped-logo9bleu.png","width":277,"height":44,"caption":"Strat\u00e9gie Digitale"},"image":{"@id":"https:\/\/motors.tn\/magazine\/#\/schema\/logo\/image\/"}},{"@type":"Person","@id":"https:\/\/motors.tn\/magazine\/#\/schema\/person\/d4ce4a963fee7f00714b50188305429a","name":"MC","image":{"@type":"ImageObject","inLanguage":"fr-FR","@id":"https:\/\/motors.tn\/magazine\/#\/schema\/person\/image\/","url":"https:\/\/secure.gravatar.com\/avatar\/b10dd08b43fe5d20fb88bcbf0627ade543991d0e589411257ad439489ea1c842?s=96&d=mm&r=g","contentUrl":"https:\/\/secure.gravatar.com\/avatar\/b10dd08b43fe5d20fb88bcbf0627ade543991d0e589411257ad439489ea1c842?s=96&d=mm&r=g","caption":"MC"},"url":"https:\/\/motors.tn\/magazine\/author\/jrurijnfh2\/"}]}},"_links":{"self":[{"href":"https:\/\/motors.tn\/magazine\/wp-json\/wp\/v2\/posts\/500749","targetHints":{"allow":["GET"]}}],"collection":[{"href":"https:\/\/motors.tn\/magazine\/wp-json\/wp\/v2\/posts"}],"about":[{"href":"https:\/\/motors.tn\/magazine\/wp-json\/wp\/v2\/types\/post"}],"author":[{"embeddable":true,"href":"https:\/\/motors.tn\/magazine\/wp-json\/wp\/v2\/users\/1"}],"replies":[{"embeddable":true,"href":"https:\/\/motors.tn\/magazine\/wp-json\/wp\/v2\/comments?post=500749"}],"version-history":[{"count":2,"href":"https:\/\/motors.tn\/magazine\/wp-json\/wp\/v2\/posts\/500749\/revisions"}],"predecessor-version":[{"id":500822,"href":"https:\/\/motors.tn\/magazine\/wp-json\/wp\/v2\/posts\/500749\/revisions\/500822"}],"wp:featuredmedia":[{"embeddable":true,"href":"https:\/\/motors.tn\/magazine\/wp-json\/wp\/v2\/media\/500809"}],"wp:attachment":[{"href":"https:\/\/motors.tn\/magazine\/wp-json\/wp\/v2\/media?parent=500749"}],"wp:term":[{"taxonomy":"category","embeddable":true,"href":"https:\/\/motors.tn\/magazine\/wp-json\/wp\/v2\/categories?post=500749"},{"taxonomy":"post_tag","embeddable":true,"href":"https:\/\/motors.tn\/magazine\/wp-json\/wp\/v2\/tags?post=500749"}],"curies":[{"name":"wp","href":"https:\/\/api.w.org\/{rel}","templated":true}]}}