{"id":502154,"date":"2026-04-26T12:03:27","date_gmt":"2026-04-26T11:03:27","guid":{"rendered":"https:\/\/motors.tn\/magazine\/?p=502154"},"modified":"2026-04-26T12:03:27","modified_gmt":"2026-04-26T11:03:27","slug":"quand-le-sport-sinvite-a-la-foire-du-livre-du-kram","status":"publish","type":"post","link":"https:\/\/motors.tn\/magazine\/actualites\/quand-le-sport-sinvite-a-la-foire-du-livre-du-kram\/","title":{"rendered":"Quand l\u2019E-sport s\u2019invite \u00e0 la Foire du livre du Kram"},"content":{"rendered":"<p style=\"text-align: justify;\">Au c\u0153ur du Foire internationale du livre de Tunis 2026, organis\u00e9e au Parc des expositions du Kram, une sc\u00e8ne inattendue attire cette ann\u00e9e un public jeune et curieux : celle de l\u2019E-sport.<\/p>\n<p style=\"text-align: justify;\">\nTraditionnellement d\u00e9di\u00e9e \u00e0 la litt\u00e9rature, aux d\u00e9bats intellectuels et aux rencontres culturelles, la foire \u2014 qui rassemble plus de 394 exposants venus de 37 pays \u2014 s\u2019ouvre d\u00e9sormais \u00e0 de nouvelles formes d\u2019expression et d\u2019innovation. Parmi elles, le gaming comp\u00e9titif s\u2019impose progressivement comme un ph\u00e9nom\u00e8ne culturel \u00e0 part enti\u00e8re.<\/p>\n<p style=\"text-align: justify;\">\nEn collaboration avec la F\u00e9d\u00e9ration Tunisienne E-sports, la F\u00e9d\u00e9ration Tunisienne de l\u2019Automobile l\u2019ambiance tranche avec le calme feutr\u00e9 des all\u00e9es voisines. Volants, simulateurs de conduite et \u00e9crans immersifs plongent les visiteurs dans l\u2019univers du sport automobile virtuel. Ici, l\u2019E-sport devient un pont entre passion m\u00e9canique et nouvelles technologies.<\/p>\n<p style=\"text-align: justify;\">\nDes comp\u00e9titions de simulation attirent amateurs et professionnels, d\u00e9montrant que le sport automobile ne se limite plus aux circuits r\u00e9els. Gr\u00e2ce aux jeux vid\u00e9o, de jeunes talents peuvent d\u00e9sormais s\u2019initier \u00e0 la discipline et r\u00eaver d\u2019une carri\u00e8re hybride, entre r\u00e9el et virtuel.<br \/>\nCette initiative illustre une \u00e9volution majeure : la culture ne se limite plus au livre imprim\u00e9. Elle englobe d\u00e9sormais les pratiques num\u00e9riques, interactives et collaboratives. L\u2019E-sport, longtemps per\u00e7u comme un simple loisir, s\u2019impose aujourd\u2019hui comme un vecteur d\u2019apprentissage, de strat\u00e9gie et m\u00eame de sociabilit\u00e9.<\/p>\n<p style=\"text-align: justify;\">\nEn int\u00e9grant ce type d\u2019activit\u00e9s, la Foire du livre du Kram confirme son r\u00f4le de carrefour culturel en mutation, capable de r\u00e9unir \u00e9crivains, lecteurs\u2026 et gamers. Une rencontre des mondes qui refl\u00e8te les transformations profondes de la soci\u00e9t\u00e9 tunisienne, o\u00f9 tradition et modernit\u00e9 cohabitent d\u00e9sormais avec fluidit\u00e9.<\/p>\n<p><strong>Galerie photos :<\/strong><\/p>\n<div id='gallery-1' class='gallery galleryid-502154 gallery-columns-1 gallery-size-full'><figure class='gallery-item'>\n\t\t\t<div class='gallery-icon landscape'>\n\t\t\t\t<img decoding=\"async\" width=\"950\" height=\"713\" src=\"https:\/\/motors.tn\/magazine\/wp-content\/uploads\/2026\/04\/Quand-lE-sport-sinvite-a-la-Foire-du-livre-du-Kram-3.jpeg\" class=\"attachment-full size-full\" alt=\"\" srcset=\"https:\/\/motors.tn\/magazine\/wp-content\/uploads\/2026\/04\/Quand-lE-sport-sinvite-a-la-Foire-du-livre-du-Kram-3.jpeg 950w, https:\/\/motors.tn\/magazine\/wp-content\/uploads\/2026\/04\/Quand-lE-sport-sinvite-a-la-Foire-du-livre-du-Kram-3-300x225.jpeg 300w, https:\/\/motors.tn\/magazine\/wp-content\/uploads\/2026\/04\/Quand-lE-sport-sinvite-a-la-Foire-du-livre-du-Kram-3-768x576.jpeg 768w\" sizes=\"(max-width: 950px) 100vw, 950px\" \/>\n\t\t\t<\/div><\/figure><figure class='gallery-item'>\n\t\t\t<div class='gallery-icon portrait'>\n\t\t\t\t<img decoding=\"async\" width=\"950\" height=\"1267\" src=\"https:\/\/motors.tn\/magazine\/wp-content\/uploads\/2026\/04\/Quand-lE-sport-sinvite-a-la-Foire-du-livre-du-Kram-2.jpeg\" class=\"attachment-full size-full\" alt=\"\" srcset=\"https:\/\/motors.tn\/magazine\/wp-content\/uploads\/2026\/04\/Quand-lE-sport-sinvite-a-la-Foire-du-livre-du-Kram-2.jpeg 950w, https:\/\/motors.tn\/magazine\/wp-content\/uploads\/2026\/04\/Quand-lE-sport-sinvite-a-la-Foire-du-livre-du-Kram-2-225x300.jpeg 225w, https:\/\/motors.tn\/magazine\/wp-content\/uploads\/2026\/04\/Quand-lE-sport-sinvite-a-la-Foire-du-livre-du-Kram-2-768x1024.jpeg 768w\" sizes=\"(max-width: 950px) 100vw, 950px\" \/>\n\t\t\t<\/div><\/figure>\n\t\t<\/div>\n\n","protected":false},"excerpt":{"rendered":"<p>Au c\u0153ur du Foire internationale du livre de Tunis 2026, organis\u00e9e au Parc des expositions du Kram, une sc\u00e8ne inattendue attire cette ann\u00e9e un public jeune et curieux : celle de l\u2019E-sport. Traditionnellement d\u00e9di\u00e9e \u00e0 la litt\u00e9rature, aux d\u00e9bats intellectuels et aux rencontres culturelles, la foire \u2014 qui rassemble plus de 394 exposants venus de &#8230; <a title=\"Quand l\u2019E-sport s\u2019invite \u00e0 la Foire du livre du Kram\" class=\"read-more\" href=\"https:\/\/motors.tn\/magazine\/actualites\/quand-le-sport-sinvite-a-la-foire-du-livre-du-kram\/\" aria-label=\"En savoir plus sur Quand l\u2019E-sport s\u2019invite \u00e0 la Foire du livre du Kram\">Lire la suite<\/a><\/p>\n","protected":false},"author":19342,"featured_media":502155,"comment_status":"closed","ping_status":"closed","sticky":false,"template":"","format":"standard","meta":{"footnotes":""},"categories":[62],"tags":[333,316],"class_list":["post-502154","post","type-post","status-publish","format-standard","has-post-thumbnail","hentry","category-actualites","tag-e-sport","tag-fta"],"yoast_head":"<!-- This site is optimized with the Yoast SEO plugin v25.7 - https:\/\/yoast.com\/wordpress\/plugins\/seo\/ -->\n<title>Quand l\u2019E-sport s\u2019invite \u00e0 la Foire du livre du Kram - Motors.tn<\/title>\n<meta name=\"description\" content=\"Au c\u0153ur du Foire internationale du livre de Tunis 2026 \u00e0 la foire du Kram, une sc\u00e8ne inattendue attire cette ann\u00e9e un public jeune et curieux, celle de l\u2019E-sport.\" \/>\n<meta name=\"robots\" content=\"index, follow, max-snippet:-1, max-image-preview:large, max-video-preview:-1\" \/>\n<link rel=\"canonical\" href=\"https:\/\/motors.tn\/magazine\/actualites\/quand-le-sport-sinvite-a-la-foire-du-livre-du-kram\/\" \/>\n<meta property=\"og:locale\" content=\"fr_FR\" \/>\n<meta property=\"og:type\" content=\"article\" \/>\n<meta property=\"og:title\" content=\"Quand l\u2019E-sport s\u2019invite \u00e0 la Foire du livre du Kram - Motors.tn\" \/>\n<meta property=\"og:description\" content=\"Au c\u0153ur du Foire internationale du livre de Tunis 2026 \u00e0 la foire du Kram, une sc\u00e8ne inattendue attire cette ann\u00e9e un public jeune et curieux, celle de l\u2019E-sport.\" \/>\n<meta property=\"og:url\" content=\"https:\/\/motors.tn\/magazine\/actualites\/quand-le-sport-sinvite-a-la-foire-du-livre-du-kram\/\" \/>\n<meta property=\"og:site_name\" content=\"Motors.tn\" \/>\n<meta property=\"article:published_time\" content=\"2026-04-26T11:03:27+00:00\" \/>\n<meta property=\"og:image\" content=\"https:\/\/motors.tn\/magazine\/wp-content\/uploads\/2026\/04\/Quand-lE-sport-sinvite-a-la-Foire-du-livre-du-Kram.jpeg\" \/>\n\t<meta property=\"og:image:width\" content=\"950\" \/>\n\t<meta property=\"og:image:height\" content=\"713\" \/>\n\t<meta property=\"og:image:type\" content=\"image\/jpeg\" \/>\n<meta name=\"author\" content=\"Aziz\" \/>\n<meta name=\"twitter:label1\" content=\"\u00c9crit par\" \/>\n\t<meta name=\"twitter:data1\" content=\"\" \/>\n\t<meta name=\"twitter:label2\" content=\"Dur\u00e9e de lecture estim\u00e9e\" \/>\n\t<meta name=\"twitter:data2\" content=\"2 minutes\" \/>\n<script type=\"application\/ld+json\" class=\"yoast-schema-graph\">{\"@context\":\"https:\/\/schema.org\",\"@graph\":[{\"@type\":\"Article\",\"@id\":\"https:\/\/motors.tn\/magazine\/actualites\/quand-le-sport-sinvite-a-la-foire-du-livre-du-kram\/#article\",\"isPartOf\":{\"@id\":\"https:\/\/motors.tn\/magazine\/actualites\/quand-le-sport-sinvite-a-la-foire-du-livre-du-kram\/\"},\"author\":{\"name\":\"Aziz\",\"@id\":\"https:\/\/motors.tn\/magazine\/#\/schema\/person\/32d62747ad44c85c8d767e03fbb345cb\"},\"headline\":\"Quand l\u2019E-sport s\u2019invite \u00e0 la Foire du livre du Kram\",\"datePublished\":\"2026-04-26T11:03:27+00:00\",\"mainEntityOfPage\":{\"@id\":\"https:\/\/motors.tn\/magazine\/actualites\/quand-le-sport-sinvite-a-la-foire-du-livre-du-kram\/\"},\"wordCount\":327,\"publisher\":{\"@id\":\"https:\/\/motors.tn\/magazine\/#organization\"},\"image\":{\"@id\":\"https:\/\/motors.tn\/magazine\/actualites\/quand-le-sport-sinvite-a-la-foire-du-livre-du-kram\/#primaryimage\"},\"thumbnailUrl\":\"https:\/\/motors.tn\/magazine\/wp-content\/uploads\/2026\/04\/Quand-lE-sport-sinvite-a-la-Foire-du-livre-du-Kram.jpeg\",\"keywords\":[\"E-sport\",\"FTA\"],\"articleSection\":[\"Actualit\u00e9s\"],\"inLanguage\":\"fr-FR\"},{\"@type\":\"WebPage\",\"@id\":\"https:\/\/motors.tn\/magazine\/actualites\/quand-le-sport-sinvite-a-la-foire-du-livre-du-kram\/\",\"url\":\"https:\/\/motors.tn\/magazine\/actualites\/quand-le-sport-sinvite-a-la-foire-du-livre-du-kram\/\",\"name\":\"Quand l\u2019E-sport s\u2019invite \u00e0 la Foire du livre du Kram - Motors.tn\",\"isPartOf\":{\"@id\":\"https:\/\/motors.tn\/magazine\/#website\"},\"primaryImageOfPage\":{\"@id\":\"https:\/\/motors.tn\/magazine\/actualites\/quand-le-sport-sinvite-a-la-foire-du-livre-du-kram\/#primaryimage\"},\"image\":{\"@id\":\"https:\/\/motors.tn\/magazine\/actualites\/quand-le-sport-sinvite-a-la-foire-du-livre-du-kram\/#primaryimage\"},\"thumbnailUrl\":\"https:\/\/motors.tn\/magazine\/wp-content\/uploads\/2026\/04\/Quand-lE-sport-sinvite-a-la-Foire-du-livre-du-Kram.jpeg\",\"datePublished\":\"2026-04-26T11:03:27+00:00\",\"description\":\"Au c\u0153ur du Foire internationale du livre de Tunis 2026 \u00e0 la foire du Kram, une sc\u00e8ne inattendue attire cette ann\u00e9e un public jeune et curieux, celle de l\u2019E-sport.\",\"breadcrumb\":{\"@id\":\"https:\/\/motors.tn\/magazine\/actualites\/quand-le-sport-sinvite-a-la-foire-du-livre-du-kram\/#breadcrumb\"},\"inLanguage\":\"fr-FR\",\"potentialAction\":[{\"@type\":\"ReadAction\",\"target\":[\"https:\/\/motors.tn\/magazine\/actualites\/quand-le-sport-sinvite-a-la-foire-du-livre-du-kram\/\"]}]},{\"@type\":\"ImageObject\",\"inLanguage\":\"fr-FR\",\"@id\":\"https:\/\/motors.tn\/magazine\/actualites\/quand-le-sport-sinvite-a-la-foire-du-livre-du-kram\/#primaryimage\",\"url\":\"https:\/\/motors.tn\/magazine\/wp-content\/uploads\/2026\/04\/Quand-lE-sport-sinvite-a-la-Foire-du-livre-du-Kram.jpeg\",\"contentUrl\":\"https:\/\/motors.tn\/magazine\/wp-content\/uploads\/2026\/04\/Quand-lE-sport-sinvite-a-la-Foire-du-livre-du-Kram.jpeg\",\"width\":950,\"height\":713},{\"@type\":\"BreadcrumbList\",\"@id\":\"https:\/\/motors.tn\/magazine\/actualites\/quand-le-sport-sinvite-a-la-foire-du-livre-du-kram\/#breadcrumb\",\"itemListElement\":[{\"@type\":\"ListItem\",\"position\":1,\"name\":\"Motors.tn\",\"item\":\"https:\/\/motors.tn\/magazine\/\"},{\"@type\":\"ListItem\",\"position\":2,\"name\":\"Actualit\u00e9s\",\"item\":\"https:\/\/motors.tn\/magazine\/category\/actualites\/\"},{\"@type\":\"ListItem\",\"position\":3,\"name\":\"Quand l\u2019E-sport s\u2019invite \u00e0 la Foire du livre du Kram\"}]},{\"@type\":\"WebSite\",\"@id\":\"https:\/\/motors.tn\/magazine\/#website\",\"url\":\"https:\/\/motors.tn\/magazine\/\",\"name\":\"Motors.tn\",\"description\":\"Actualit\u00e9, prix du neuf et guide d&#039;achat\",\"publisher\":{\"@id\":\"https:\/\/motors.tn\/magazine\/#organization\"},\"potentialAction\":[{\"@type\":\"SearchAction\",\"target\":{\"@type\":\"EntryPoint\",\"urlTemplate\":\"https:\/\/motors.tn\/magazine\/?s={search_term_string}\"},\"query-input\":{\"@type\":\"PropertyValueSpecification\",\"valueRequired\":true,\"valueName\":\"search_term_string\"}}],\"inLanguage\":\"fr-FR\"},{\"@type\":\"Organization\",\"@id\":\"https:\/\/motors.tn\/magazine\/#organization\",\"name\":\"Strat\u00e9gie Digitale\",\"url\":\"https:\/\/motors.tn\/magazine\/\",\"logo\":{\"@type\":\"ImageObject\",\"inLanguage\":\"fr-FR\",\"@id\":\"https:\/\/motors.tn\/magazine\/#\/schema\/logo\/image\/\",\"url\":\"https:\/\/motors.tn\/magazine\/wp-content\/uploads\/2020\/05\/cropped-cropped-logo9bleu.png\",\"contentUrl\":\"https:\/\/motors.tn\/magazine\/wp-content\/uploads\/2020\/05\/cropped-cropped-logo9bleu.png\",\"width\":277,\"height\":44,\"caption\":\"Strat\u00e9gie Digitale\"},\"image\":{\"@id\":\"https:\/\/motors.tn\/magazine\/#\/schema\/logo\/image\/\"}},{\"@type\":\"Person\",\"@id\":\"https:\/\/motors.tn\/magazine\/#\/schema\/person\/32d62747ad44c85c8d767e03fbb345cb\",\"name\":\"Aziz\",\"image\":{\"@type\":\"ImageObject\",\"inLanguage\":\"fr-FR\",\"@id\":\"https:\/\/motors.tn\/magazine\/#\/schema\/person\/image\/\",\"url\":\"https:\/\/secure.gravatar.com\/avatar\/9a8fc3278fb24ad2b740f32024c640732522aab79efc9ee9ef972a5af689aa92?s=96&d=mm&r=g\",\"contentUrl\":\"https:\/\/secure.gravatar.com\/avatar\/9a8fc3278fb24ad2b740f32024c640732522aab79efc9ee9ef972a5af689aa92?s=96&d=mm&r=g\",\"caption\":\"Aziz\"},\"url\":\"https:\/\/motors.tn\/magazine\/author\/azizefez34fez\/\"}]}<\/script>\n<!-- \/ Yoast SEO plugin. -->","yoast_head_json":{"title":"Quand l\u2019E-sport s\u2019invite \u00e0 la Foire du livre du Kram - Motors.tn","description":"Au c\u0153ur du Foire internationale du livre de Tunis 2026 \u00e0 la foire du Kram, une sc\u00e8ne inattendue attire cette ann\u00e9e un public jeune et curieux, celle de l\u2019E-sport.","robots":{"index":"index","follow":"follow","max-snippet":"max-snippet:-1","max-image-preview":"max-image-preview:large","max-video-preview":"max-video-preview:-1"},"canonical":"https:\/\/motors.tn\/magazine\/actualites\/quand-le-sport-sinvite-a-la-foire-du-livre-du-kram\/","og_locale":"fr_FR","og_type":"article","og_title":"Quand l\u2019E-sport s\u2019invite \u00e0 la Foire du livre du Kram - Motors.tn","og_description":"Au c\u0153ur du Foire internationale du livre de Tunis 2026 \u00e0 la foire du Kram, une sc\u00e8ne inattendue attire cette ann\u00e9e un public jeune et curieux, celle de l\u2019E-sport.","og_url":"https:\/\/motors.tn\/magazine\/actualites\/quand-le-sport-sinvite-a-la-foire-du-livre-du-kram\/","og_site_name":"Motors.tn","article_published_time":"2026-04-26T11:03:27+00:00","og_image":[{"width":950,"height":713,"url":"https:\/\/motors.tn\/magazine\/wp-content\/uploads\/2026\/04\/Quand-lE-sport-sinvite-a-la-Foire-du-livre-du-Kram.jpeg","type":"image\/jpeg"}],"author":"Aziz","twitter_misc":{"\u00c9crit par":false,"Dur\u00e9e de lecture estim\u00e9e":"2 minutes"},"schema":{"@context":"https:\/\/schema.org","@graph":[{"@type":"Article","@id":"https:\/\/motors.tn\/magazine\/actualites\/quand-le-sport-sinvite-a-la-foire-du-livre-du-kram\/#article","isPartOf":{"@id":"https:\/\/motors.tn\/magazine\/actualites\/quand-le-sport-sinvite-a-la-foire-du-livre-du-kram\/"},"author":{"name":"Aziz","@id":"https:\/\/motors.tn\/magazine\/#\/schema\/person\/32d62747ad44c85c8d767e03fbb345cb"},"headline":"Quand l\u2019E-sport s\u2019invite \u00e0 la Foire du livre du Kram","datePublished":"2026-04-26T11:03:27+00:00","mainEntityOfPage":{"@id":"https:\/\/motors.tn\/magazine\/actualites\/quand-le-sport-sinvite-a-la-foire-du-livre-du-kram\/"},"wordCount":327,"publisher":{"@id":"https:\/\/motors.tn\/magazine\/#organization"},"image":{"@id":"https:\/\/motors.tn\/magazine\/actualites\/quand-le-sport-sinvite-a-la-foire-du-livre-du-kram\/#primaryimage"},"thumbnailUrl":"https:\/\/motors.tn\/magazine\/wp-content\/uploads\/2026\/04\/Quand-lE-sport-sinvite-a-la-Foire-du-livre-du-Kram.jpeg","keywords":["E-sport","FTA"],"articleSection":["Actualit\u00e9s"],"inLanguage":"fr-FR"},{"@type":"WebPage","@id":"https:\/\/motors.tn\/magazine\/actualites\/quand-le-sport-sinvite-a-la-foire-du-livre-du-kram\/","url":"https:\/\/motors.tn\/magazine\/actualites\/quand-le-sport-sinvite-a-la-foire-du-livre-du-kram\/","name":"Quand l\u2019E-sport s\u2019invite \u00e0 la Foire du livre du Kram - Motors.tn","isPartOf":{"@id":"https:\/\/motors.tn\/magazine\/#website"},"primaryImageOfPage":{"@id":"https:\/\/motors.tn\/magazine\/actualites\/quand-le-sport-sinvite-a-la-foire-du-livre-du-kram\/#primaryimage"},"image":{"@id":"https:\/\/motors.tn\/magazine\/actualites\/quand-le-sport-sinvite-a-la-foire-du-livre-du-kram\/#primaryimage"},"thumbnailUrl":"https:\/\/motors.tn\/magazine\/wp-content\/uploads\/2026\/04\/Quand-lE-sport-sinvite-a-la-Foire-du-livre-du-Kram.jpeg","datePublished":"2026-04-26T11:03:27+00:00","description":"Au c\u0153ur du Foire internationale du livre de Tunis 2026 \u00e0 la foire du Kram, une sc\u00e8ne inattendue attire cette ann\u00e9e un public jeune et curieux, celle de l\u2019E-sport.","breadcrumb":{"@id":"https:\/\/motors.tn\/magazine\/actualites\/quand-le-sport-sinvite-a-la-foire-du-livre-du-kram\/#breadcrumb"},"inLanguage":"fr-FR","potentialAction":[{"@type":"ReadAction","target":["https:\/\/motors.tn\/magazine\/actualites\/quand-le-sport-sinvite-a-la-foire-du-livre-du-kram\/"]}]},{"@type":"ImageObject","inLanguage":"fr-FR","@id":"https:\/\/motors.tn\/magazine\/actualites\/quand-le-sport-sinvite-a-la-foire-du-livre-du-kram\/#primaryimage","url":"https:\/\/motors.tn\/magazine\/wp-content\/uploads\/2026\/04\/Quand-lE-sport-sinvite-a-la-Foire-du-livre-du-Kram.jpeg","contentUrl":"https:\/\/motors.tn\/magazine\/wp-content\/uploads\/2026\/04\/Quand-lE-sport-sinvite-a-la-Foire-du-livre-du-Kram.jpeg","width":950,"height":713},{"@type":"BreadcrumbList","@id":"https:\/\/motors.tn\/magazine\/actualites\/quand-le-sport-sinvite-a-la-foire-du-livre-du-kram\/#breadcrumb","itemListElement":[{"@type":"ListItem","position":1,"name":"Motors.tn","item":"https:\/\/motors.tn\/magazine\/"},{"@type":"ListItem","position":2,"name":"Actualit\u00e9s","item":"https:\/\/motors.tn\/magazine\/category\/actualites\/"},{"@type":"ListItem","position":3,"name":"Quand l\u2019E-sport s\u2019invite \u00e0 la Foire du livre du Kram"}]},{"@type":"WebSite","@id":"https:\/\/motors.tn\/magazine\/#website","url":"https:\/\/motors.tn\/magazine\/","name":"Motors.tn","description":"Actualit\u00e9, prix du neuf et guide d&#039;achat","publisher":{"@id":"https:\/\/motors.tn\/magazine\/#organization"},"potentialAction":[{"@type":"SearchAction","target":{"@type":"EntryPoint","urlTemplate":"https:\/\/motors.tn\/magazine\/?s={search_term_string}"},"query-input":{"@type":"PropertyValueSpecification","valueRequired":true,"valueName":"search_term_string"}}],"inLanguage":"fr-FR"},{"@type":"Organization","@id":"https:\/\/motors.tn\/magazine\/#organization","name":"Strat\u00e9gie Digitale","url":"https:\/\/motors.tn\/magazine\/","logo":{"@type":"ImageObject","inLanguage":"fr-FR","@id":"https:\/\/motors.tn\/magazine\/#\/schema\/logo\/image\/","url":"https:\/\/motors.tn\/magazine\/wp-content\/uploads\/2020\/05\/cropped-cropped-logo9bleu.png","contentUrl":"https:\/\/motors.tn\/magazine\/wp-content\/uploads\/2020\/05\/cropped-cropped-logo9bleu.png","width":277,"height":44,"caption":"Strat\u00e9gie Digitale"},"image":{"@id":"https:\/\/motors.tn\/magazine\/#\/schema\/logo\/image\/"}},{"@type":"Person","@id":"https:\/\/motors.tn\/magazine\/#\/schema\/person\/32d62747ad44c85c8d767e03fbb345cb","name":"Aziz","image":{"@type":"ImageObject","inLanguage":"fr-FR","@id":"https:\/\/motors.tn\/magazine\/#\/schema\/person\/image\/","url":"https:\/\/secure.gravatar.com\/avatar\/9a8fc3278fb24ad2b740f32024c640732522aab79efc9ee9ef972a5af689aa92?s=96&d=mm&r=g","contentUrl":"https:\/\/secure.gravatar.com\/avatar\/9a8fc3278fb24ad2b740f32024c640732522aab79efc9ee9ef972a5af689aa92?s=96&d=mm&r=g","caption":"Aziz"},"url":"https:\/\/motors.tn\/magazine\/author\/azizefez34fez\/"}]}},"_links":{"self":[{"href":"https:\/\/motors.tn\/magazine\/wp-json\/wp\/v2\/posts\/502154","targetHints":{"allow":["GET"]}}],"collection":[{"href":"https:\/\/motors.tn\/magazine\/wp-json\/wp\/v2\/posts"}],"about":[{"href":"https:\/\/motors.tn\/magazine\/wp-json\/wp\/v2\/types\/post"}],"author":[{"embeddable":true,"href":"https:\/\/motors.tn\/magazine\/wp-json\/wp\/v2\/users\/19342"}],"replies":[{"embeddable":true,"href":"https:\/\/motors.tn\/magazine\/wp-json\/wp\/v2\/comments?post=502154"}],"version-history":[{"count":1,"href":"https:\/\/motors.tn\/magazine\/wp-json\/wp\/v2\/posts\/502154\/revisions"}],"predecessor-version":[{"id":502158,"href":"https:\/\/motors.tn\/magazine\/wp-json\/wp\/v2\/posts\/502154\/revisions\/502158"}],"wp:featuredmedia":[{"embeddable":true,"href":"https:\/\/motors.tn\/magazine\/wp-json\/wp\/v2\/media\/502155"}],"wp:attachment":[{"href":"https:\/\/motors.tn\/magazine\/wp-json\/wp\/v2\/media?parent=502154"}],"wp:term":[{"taxonomy":"category","embeddable":true,"href":"https:\/\/motors.tn\/magazine\/wp-json\/wp\/v2\/categories?post=502154"},{"taxonomy":"post_tag","embeddable":true,"href":"https:\/\/motors.tn\/magazine\/wp-json\/wp\/v2\/tags?post=502154"}],"curies":[{"name":"wp","href":"https:\/\/api.w.org\/{rel}","templated":true}]}}