{"id":502221,"date":"2026-04-29T22:41:56","date_gmt":"2026-04-29T21:41:56","guid":{"rendered":"https:\/\/motors.tn\/magazine\/?p=502221"},"modified":"2026-04-29T22:41:56","modified_gmt":"2026-04-29T21:41:56","slug":"mts-auto-center-annonce-linauguration-officielle-de-son-nouveau-showroom-a-gabes","status":"publish","type":"post","link":"https:\/\/motors.tn\/magazine\/actualites\/mts-auto-center-annonce-linauguration-officielle-de-son-nouveau-showroom-a-gabes\/","title":{"rendered":"MTS Auto Center inaugure son nouveau showroom \u00e0 Gab\u00e8s et renforce sa pr\u00e9sence dans le sud de la Tunisie"},"content":{"rendered":"<p style=\"text-align: justify;\"><span style=\"font-weight: 400;\">MTS Auto Center, agence agr\u00e9\u00e9e du groupe Ennakl Automobiles, annonce l\u2019inauguration officielle de son nouveau showroom \u00e0 Gab\u00e8s, tenue le vendredi 24 avril 2026.<\/span><\/p>\n<p style=\"text-align: justify;\"><span style=\"font-weight: 400;\">Cette ouverture marque une \u00e9tape majeure dans la strat\u00e9gie de d\u00e9veloppement de l\u2019entreprise et confirme sa volont\u00e9 de renforcer sa pr\u00e9sence dans le sud du pays, \u00e0 travers une infrastructure moderne r\u00e9pondant aux standards internationaux du groupe Volkswagen.<\/span><\/p>\n<p style=\"text-align: justify;\"><b>Une croissance structur\u00e9e et durable<\/b><\/p>\n<p style=\"text-align: justify;\"><span style=\"font-weight: 400;\">Depuis sa cr\u00e9ation en 2015, MTS Auto Center a connu une \u00e9volution continue, fond\u00e9e sur l\u2019investissement, l\u2019innovation et la qualit\u00e9 de service :<\/span><\/p>\n<ul style=\"text-align: justify;\">\n<li style=\"font-weight: 400;\" aria-level=\"1\"><span style=\"font-weight: 400;\">Mars 2015 : Cr\u00e9ation avec une superficie initiale de 560 m\u00b2\u00a0<\/span><\/li>\n<li style=\"font-weight: 400;\" aria-level=\"1\"><span style=\"font-weight: 400;\">Octobre 2021 : Extension des installations \u00e0 1 700 m\u00b2\u00a0<\/span><\/li>\n<li style=\"font-weight: 400;\" aria-level=\"1\"><span style=\"font-weight: 400;\">2022 : D\u00e9ploiement d\u2019une infrastructure moderne couvrant 3 600 m\u00b2\u00a0<\/span><\/li>\n<li style=\"font-weight: 400;\" aria-level=\"1\"><span style=\"font-weight: 400;\">Juin 2023 : Ouverture du showroom Skoda\u00a0<\/span><\/li>\n<\/ul>\n<p style=\"text-align: justify;\"><span style=\"font-weight: 400;\">Cette trajectoire t\u00e9moigne d\u2019un positionnement solide et d\u2019un engagement constant en faveur de l\u2019excellence op\u00e9rationnelle.<\/span><\/p>\n<p style=\"text-align: justify;\"><b>Une offre compl\u00e8te au service des clients<\/b><\/p>\n<p style=\"text-align: justify;\"><span style=\"font-weight: 400;\">En tant qu\u2019agence agr\u00e9\u00e9e Volkswagen et agent officiel du r\u00e9seau Ennakl Automobiles, MTS Auto Center propose une offre globale couvrant l\u2019ensemble des besoins du client automobile :<\/span><\/p>\n<ul style=\"text-align: justify;\">\n<li style=\"font-weight: 400;\" aria-level=\"1\"><span style=\"font-weight: 400;\">R\u00e9paration m\u00e9canique et carrosserie\u00a0<\/span><\/li>\n<li style=\"font-weight: 400;\" aria-level=\"1\"><span style=\"font-weight: 400;\">Vente de v\u00e9hicules neufs\u00a0<\/span><\/li>\n<li style=\"font-weight: 400;\" aria-level=\"1\"><span style=\"font-weight: 400;\">Service apr\u00e8s-vente\u00a0<\/span><\/li>\n<li style=\"font-weight: 400;\" aria-level=\"1\"><span style=\"font-weight: 400;\">Commercialisation de pi\u00e8ces de rechange d\u2019origine constructeur\u00a0<\/span><\/li>\n<\/ul>\n<p style=\"text-align: justify;\"><span style=\"font-weight: 400;\">Dans une logique de diversification, l\u2019entreprise a r\u00e9cemment renforc\u00e9 son positionnement multi-marques avec l\u2019int\u00e9gration des services apr\u00e8s-vente d\u00e9di\u00e9s aux marques Audi et Cupra.<\/span><\/p>\n<p style=\"text-align: justify;\"><b>Des performances reconnues \u00e0 l\u2019\u00e9chelle nationale et internationale<\/b><\/p>\n<p style=\"text-align: justify;\"><span style=\"font-weight: 400;\">MTS Auto Center s\u2019impose comme une r\u00e9f\u00e9rence en mati\u00e8re de performance et de qualit\u00e9, avec notamment le meilleur nombre d\u2019entr\u00e9es en m\u00e9canique et carrosserie en 2024 et 2025 au sein du r\u00e9seau Ennakl Automobiles.<\/span><\/p>\n<p style=\"text-align: justify;\"><span style=\"font-weight: 400;\">Cette excellence est attest\u00e9e par plusieurs distinctions :<\/span><\/p>\n<p style=\"text-align: justify;\"><b>Au niveau national :<\/b><\/p>\n<ul style=\"text-align: justify;\">\n<li style=\"font-weight: 400;\" aria-level=\"1\"><span style=\"font-weight: 400;\">2017 : Meilleur atelier agr\u00e9\u00e9 carrosserie (AGREE) \u2013 R\u00e9seau Ennakl Automobiles\u00a0<\/span><\/li>\n<li style=\"font-weight: 400;\" aria-level=\"1\"><span style=\"font-weight: 400;\">2019 : Oscar du meilleur service apr\u00e8s-vente\u00a0<\/span><\/li>\n<li style=\"font-weight: 400;\" aria-level=\"1\"><span style=\"font-weight: 400;\">2020 \u00e0 2024 : Meilleure performance en pi\u00e8ces de rechange\u00a0<\/span><\/li>\n<li style=\"font-weight: 400;\" aria-level=\"1\"><span style=\"font-weight: 400;\">2024 et 2025 : Volant d\u2019Or de la meilleure agence agr\u00e9\u00e9e Ennakl Automobiles\u00a0<\/span><\/li>\n<li style=\"font-weight: 400;\" aria-level=\"1\"><span style=\"font-weight: 400;\">2025 : Meilleur service apr\u00e8s-vente du r\u00e9seau\u00a0<\/span><\/li>\n<\/ul>\n<p style=\"text-align: justify;\"><b>Au niveau international :<\/b><\/p>\n<ul style=\"text-align: justify;\">\n<li style=\"font-weight: 400;\" aria-level=\"1\"><span style=\"font-weight: 400;\">2024 : Best Dealer Skoda\u00a0<\/span><\/li>\n<\/ul>\n<p><img decoding=\"async\" class=\"alignnone size-full wp-image-502222\" src=\"https:\/\/motors.tn\/magazine\/wp-content\/uploads\/2026\/04\/MTS-Auto-Center-inaugure-son-nouveau-showroom-a-Gabes-et-renforce-sa-presence-dans-le-sud-de-la-Tunisie-2.jpg\" alt=\"\" width=\"950\" height=\"634\" srcset=\"https:\/\/motors.tn\/magazine\/wp-content\/uploads\/2026\/04\/MTS-Auto-Center-inaugure-son-nouveau-showroom-a-Gabes-et-renforce-sa-presence-dans-le-sud-de-la-Tunisie-2.jpg 950w, https:\/\/motors.tn\/magazine\/wp-content\/uploads\/2026\/04\/MTS-Auto-Center-inaugure-son-nouveau-showroom-a-Gabes-et-renforce-sa-presence-dans-le-sud-de-la-Tunisie-2-300x200.jpg 300w, https:\/\/motors.tn\/magazine\/wp-content\/uploads\/2026\/04\/MTS-Auto-Center-inaugure-son-nouveau-showroom-a-Gabes-et-renforce-sa-presence-dans-le-sud-de-la-Tunisie-2-768x513.jpg 768w\" sizes=\"(max-width: 950px) 100vw, 950px\" \/><\/p>\n<p style=\"text-align: justify;\"><b>MTS Auto Center Gab\u00e8s : un site strat\u00e9gique et innovant<\/b><\/p>\n<p style=\"text-align: justify;\"><span style=\"font-weight: 400;\">Implant\u00e9 sur une superficie de 2 600 m\u00b2, le nouveau showroom de Gab\u00e8s constitue aujourd\u2019hui un p\u00f4le strat\u00e9gique pour MTS Auto Center. Il s\u2019agit de la seule agence agr\u00e9\u00e9e du r\u00e9seau Ennakl Automobiles dans la r\u00e9gion, b\u00e9n\u00e9ficiant d\u2019un emplacement central au c\u0153ur de la ville.<\/span><\/p>\n<p style=\"text-align: justify;\"><span style=\"font-weight: 400;\">Ce site se distingue par son concept innovant, \u00e9tant le premier en Tunisie \u00e0 adopter la nouvelle charte architecturale et visuelle du constructeur Volkswagen. Il regroupe, au sein d\u2019un m\u00eame espace, plusieurs marques du groupe :<\/span><\/p>\n<p style=\"text-align: justify;\"><span style=\"font-weight: 400;\">Volkswagen (v\u00e9hicules particuliers et utilitaires), SEAT, CUPRA, Skoda et Audi.<\/span><\/p>\n<p style=\"text-align: justify;\"><span style=\"font-weight: 400;\">Pens\u00e9 pour offrir une exp\u00e9rience client optimale, le showroom int\u00e8gre :<\/span><\/p>\n<ul style=\"text-align: justify;\">\n<li style=\"font-weight: 400;\" aria-level=\"1\"><span style=\"font-weight: 400;\">Un espace d\u2019exposition moderne et digitalis\u00e9\u00a0<\/span><\/li>\n<li style=\"font-weight: 400;\" aria-level=\"1\"><span style=\"font-weight: 400;\">Un service apr\u00e8s-vente multimarque conforme aux standards internationaux\u00a0<\/span><\/li>\n<li style=\"font-weight: 400;\" aria-level=\"1\"><span style=\"font-weight: 400;\">Un atelier de m\u00e9canique \u00e9quip\u00e9 de technologies de diagnostic de derni\u00e8re g\u00e9n\u00e9ration\u00a0<\/span><\/li>\n<li style=\"font-weight: 400;\" aria-level=\"1\"><span style=\"font-weight: 400;\">Un atelier de carrosserie moderne incluant un syst\u00e8me de peinture \u00e0 l\u2019eau respectueux de l\u2019environnement\u00a0<\/span><\/li>\n<\/ul>\n<p style=\"text-align: justify;\"><span style=\"font-weight: 400;\">L\u2019ensemble repose sur une \u00e9quipe de professionnels hautement qualifi\u00e9s, form\u00e9s aux exigences des constructeurs et mobilis\u00e9s pour garantir un haut niveau de qualit\u00e9 de service.<\/span><\/p>\n<p style=\"text-align: justify;\"><b>Un engagement fort pour le d\u00e9veloppement r\u00e9gional<\/b><\/p>\n<p style=\"text-align: justify;\"><span style=\"font-weight: 400;\">\u00c0 travers cette nouvelle implantation, MTS Auto Center confirme son engagement \u00e0 contribuer activement au d\u00e9veloppement \u00e9conomique de la r\u00e9gion sud, en proposant une offre automobile compl\u00e8te, moderne et accessible.<\/span><\/p>\n<p style=\"text-align: justify;\"><span style=\"font-weight: 400;\">Sous la direction de Monsieur Imed Belaid, MTS Auto Center Gab\u00e8s s\u2019inscrit dans une dynamique de croissance durable, alliant expertise technique, innovation et proximit\u00e9 avec ses clients.<\/span><\/p>\n<p style=\"text-align: justify;\"><b>Contact<\/b><\/p>\n<p style=\"text-align: justify;\"><span style=\"font-weight: 400;\"> 29 700 525 \/ 22 251 145<\/span><span style=\"font-weight: 400;\"><br \/>\n<\/span><span style=\"font-weight: 400;\"> direction@mtsautocenter.tn<\/span><\/p>\n","protected":false},"excerpt":{"rendered":"<p>MTS Auto Center, agence agr\u00e9\u00e9e du groupe Ennakl Automobiles, annonce l\u2019inauguration officielle de son nouveau showroom \u00e0 Gab\u00e8s, tenue le vendredi 24 avril 2026. Cette ouverture marque une \u00e9tape majeure dans la strat\u00e9gie de d\u00e9veloppement de l\u2019entreprise et confirme sa volont\u00e9 de renforcer sa pr\u00e9sence dans le sud du pays, \u00e0 travers une infrastructure moderne &#8230; <a title=\"MTS Auto Center inaugure son nouveau showroom \u00e0 Gab\u00e8s et renforce sa pr\u00e9sence dans le sud de la Tunisie\" class=\"read-more\" href=\"https:\/\/motors.tn\/magazine\/actualites\/mts-auto-center-annonce-linauguration-officielle-de-son-nouveau-showroom-a-gabes\/\" aria-label=\"En savoir plus sur MTS Auto Center inaugure son nouveau showroom \u00e0 Gab\u00e8s et renforce sa pr\u00e9sence dans le sud de la Tunisie\">Lire la suite<\/a><\/p>\n","protected":false},"author":19342,"featured_media":502223,"comment_status":"closed","ping_status":"closed","sticky":false,"template":"","format":"standard","meta":{"footnotes":""},"categories":[62],"tags":[227,294,305,249,243,223],"class_list":["post-502221","post","type-post","status-publish","format-standard","has-post-thumbnail","hentry","category-actualites","tag-audi-tunisie","tag-cupra","tag-ennakl","tag-seat-tunisie","tag-skoda-tunisie","tag-volkswagen-tunisie"],"yoast_head":"<!-- This site is optimized with the Yoast SEO plugin v25.7 - https:\/\/yoast.com\/wordpress\/plugins\/seo\/ -->\n<title>MTS Auto Center inaugure son nouveau showroom \u00e0 Gab\u00e8s et renforce sa pr\u00e9sence dans le sud de la Tunisie - Motors.tn<\/title>\n<meta name=\"description\" content=\"MTS Auto Center, agence agr\u00e9\u00e9e du groupe Ennakl Automobiles, annonce l\u2019inauguration officielle de son nouveau showroom \u00e0 Gab\u00e8s, tenue le vendredi 24 avril 2026.\" \/>\n<meta name=\"robots\" content=\"index, follow, max-snippet:-1, max-image-preview:large, max-video-preview:-1\" \/>\n<link rel=\"canonical\" href=\"https:\/\/motors.tn\/magazine\/actualites\/mts-auto-center-annonce-linauguration-officielle-de-son-nouveau-showroom-a-gabes\/\" \/>\n<meta property=\"og:locale\" content=\"fr_FR\" \/>\n<meta property=\"og:type\" content=\"article\" \/>\n<meta property=\"og:title\" content=\"MTS Auto Center inaugure son nouveau showroom \u00e0 Gab\u00e8s et renforce sa pr\u00e9sence dans le sud de la Tunisie - Motors.tn\" \/>\n<meta property=\"og:description\" content=\"MTS Auto Center, agence agr\u00e9\u00e9e du groupe Ennakl Automobiles, annonce l\u2019inauguration officielle de son nouveau showroom \u00e0 Gab\u00e8s, tenue le vendredi 24 avril 2026.\" \/>\n<meta property=\"og:url\" content=\"https:\/\/motors.tn\/magazine\/actualites\/mts-auto-center-annonce-linauguration-officielle-de-son-nouveau-showroom-a-gabes\/\" \/>\n<meta property=\"og:site_name\" content=\"Motors.tn\" \/>\n<meta property=\"article:published_time\" content=\"2026-04-29T21:41:56+00:00\" \/>\n<meta property=\"og:image\" content=\"https:\/\/motors.tn\/magazine\/wp-content\/uploads\/2026\/04\/MTS-Auto-Center-inaugure-son-nouveau-showroom-a-Gabes-et-renforce-sa-presence-dans-le-sud-de-la-Tunisie-1.jpg\" \/>\n\t<meta property=\"og:image:width\" content=\"950\" \/>\n\t<meta property=\"og:image:height\" content=\"634\" \/>\n\t<meta property=\"og:image:type\" content=\"image\/jpeg\" \/>\n<meta name=\"author\" content=\"Aziz\" \/>\n<meta name=\"twitter:label1\" content=\"\u00c9crit par\" \/>\n\t<meta name=\"twitter:data1\" content=\"\" \/>\n\t<meta name=\"twitter:label2\" content=\"Dur\u00e9e de lecture estim\u00e9e\" \/>\n\t<meta name=\"twitter:data2\" content=\"4 minutes\" \/>\n<script type=\"application\/ld+json\" class=\"yoast-schema-graph\">{\"@context\":\"https:\/\/schema.org\",\"@graph\":[{\"@type\":\"Article\",\"@id\":\"https:\/\/motors.tn\/magazine\/actualites\/mts-auto-center-annonce-linauguration-officielle-de-son-nouveau-showroom-a-gabes\/#article\",\"isPartOf\":{\"@id\":\"https:\/\/motors.tn\/magazine\/actualites\/mts-auto-center-annonce-linauguration-officielle-de-son-nouveau-showroom-a-gabes\/\"},\"author\":{\"name\":\"Aziz\",\"@id\":\"https:\/\/motors.tn\/magazine\/#\/schema\/person\/32d62747ad44c85c8d767e03fbb345cb\"},\"headline\":\"MTS Auto Center inaugure son nouveau showroom \u00e0 Gab\u00e8s et renforce sa pr\u00e9sence dans le sud de la Tunisie\",\"datePublished\":\"2026-04-29T21:41:56+00:00\",\"mainEntityOfPage\":{\"@id\":\"https:\/\/motors.tn\/magazine\/actualites\/mts-auto-center-annonce-linauguration-officielle-de-son-nouveau-showroom-a-gabes\/\"},\"wordCount\":637,\"publisher\":{\"@id\":\"https:\/\/motors.tn\/magazine\/#organization\"},\"image\":{\"@id\":\"https:\/\/motors.tn\/magazine\/actualites\/mts-auto-center-annonce-linauguration-officielle-de-son-nouveau-showroom-a-gabes\/#primaryimage\"},\"thumbnailUrl\":\"https:\/\/motors.tn\/magazine\/wp-content\/uploads\/2026\/04\/MTS-Auto-Center-inaugure-son-nouveau-showroom-a-Gabes-et-renforce-sa-presence-dans-le-sud-de-la-Tunisie-1.jpg\",\"keywords\":[\"Audi\",\"cupra\",\"ennakl\",\"Seat\",\"Skoda\",\"Volkswagen\"],\"articleSection\":[\"Actualit\u00e9s\"],\"inLanguage\":\"fr-FR\"},{\"@type\":\"WebPage\",\"@id\":\"https:\/\/motors.tn\/magazine\/actualites\/mts-auto-center-annonce-linauguration-officielle-de-son-nouveau-showroom-a-gabes\/\",\"url\":\"https:\/\/motors.tn\/magazine\/actualites\/mts-auto-center-annonce-linauguration-officielle-de-son-nouveau-showroom-a-gabes\/\",\"name\":\"MTS Auto Center inaugure son nouveau showroom \u00e0 Gab\u00e8s et renforce sa pr\u00e9sence dans le sud de la Tunisie - Motors.tn\",\"isPartOf\":{\"@id\":\"https:\/\/motors.tn\/magazine\/#website\"},\"primaryImageOfPage\":{\"@id\":\"https:\/\/motors.tn\/magazine\/actualites\/mts-auto-center-annonce-linauguration-officielle-de-son-nouveau-showroom-a-gabes\/#primaryimage\"},\"image\":{\"@id\":\"https:\/\/motors.tn\/magazine\/actualites\/mts-auto-center-annonce-linauguration-officielle-de-son-nouveau-showroom-a-gabes\/#primaryimage\"},\"thumbnailUrl\":\"https:\/\/motors.tn\/magazine\/wp-content\/uploads\/2026\/04\/MTS-Auto-Center-inaugure-son-nouveau-showroom-a-Gabes-et-renforce-sa-presence-dans-le-sud-de-la-Tunisie-1.jpg\",\"datePublished\":\"2026-04-29T21:41:56+00:00\",\"description\":\"MTS Auto Center, agence agr\u00e9\u00e9e du groupe Ennakl Automobiles, annonce l\u2019inauguration officielle de son nouveau showroom \u00e0 Gab\u00e8s, tenue le vendredi 24 avril 2026.\",\"breadcrumb\":{\"@id\":\"https:\/\/motors.tn\/magazine\/actualites\/mts-auto-center-annonce-linauguration-officielle-de-son-nouveau-showroom-a-gabes\/#breadcrumb\"},\"inLanguage\":\"fr-FR\",\"potentialAction\":[{\"@type\":\"ReadAction\",\"target\":[\"https:\/\/motors.tn\/magazine\/actualites\/mts-auto-center-annonce-linauguration-officielle-de-son-nouveau-showroom-a-gabes\/\"]}]},{\"@type\":\"ImageObject\",\"inLanguage\":\"fr-FR\",\"@id\":\"https:\/\/motors.tn\/magazine\/actualites\/mts-auto-center-annonce-linauguration-officielle-de-son-nouveau-showroom-a-gabes\/#primaryimage\",\"url\":\"https:\/\/motors.tn\/magazine\/wp-content\/uploads\/2026\/04\/MTS-Auto-Center-inaugure-son-nouveau-showroom-a-Gabes-et-renforce-sa-presence-dans-le-sud-de-la-Tunisie-1.jpg\",\"contentUrl\":\"https:\/\/motors.tn\/magazine\/wp-content\/uploads\/2026\/04\/MTS-Auto-Center-inaugure-son-nouveau-showroom-a-Gabes-et-renforce-sa-presence-dans-le-sud-de-la-Tunisie-1.jpg\",\"width\":950,\"height\":634},{\"@type\":\"BreadcrumbList\",\"@id\":\"https:\/\/motors.tn\/magazine\/actualites\/mts-auto-center-annonce-linauguration-officielle-de-son-nouveau-showroom-a-gabes\/#breadcrumb\",\"itemListElement\":[{\"@type\":\"ListItem\",\"position\":1,\"name\":\"Motors.tn\",\"item\":\"https:\/\/motors.tn\/magazine\/\"},{\"@type\":\"ListItem\",\"position\":2,\"name\":\"Actualit\u00e9s\",\"item\":\"https:\/\/motors.tn\/magazine\/category\/actualites\/\"},{\"@type\":\"ListItem\",\"position\":3,\"name\":\"MTS Auto Center inaugure son nouveau showroom \u00e0 Gab\u00e8s et renforce sa pr\u00e9sence dans le sud de la Tunisie\"}]},{\"@type\":\"WebSite\",\"@id\":\"https:\/\/motors.tn\/magazine\/#website\",\"url\":\"https:\/\/motors.tn\/magazine\/\",\"name\":\"Motors.tn\",\"description\":\"Actualit\u00e9, prix du neuf et guide d&#039;achat\",\"publisher\":{\"@id\":\"https:\/\/motors.tn\/magazine\/#organization\"},\"potentialAction\":[{\"@type\":\"SearchAction\",\"target\":{\"@type\":\"EntryPoint\",\"urlTemplate\":\"https:\/\/motors.tn\/magazine\/?s={search_term_string}\"},\"query-input\":{\"@type\":\"PropertyValueSpecification\",\"valueRequired\":true,\"valueName\":\"search_term_string\"}}],\"inLanguage\":\"fr-FR\"},{\"@type\":\"Organization\",\"@id\":\"https:\/\/motors.tn\/magazine\/#organization\",\"name\":\"Strat\u00e9gie Digitale\",\"url\":\"https:\/\/motors.tn\/magazine\/\",\"logo\":{\"@type\":\"ImageObject\",\"inLanguage\":\"fr-FR\",\"@id\":\"https:\/\/motors.tn\/magazine\/#\/schema\/logo\/image\/\",\"url\":\"https:\/\/motors.tn\/magazine\/wp-content\/uploads\/2020\/05\/cropped-cropped-logo9bleu.png\",\"contentUrl\":\"https:\/\/motors.tn\/magazine\/wp-content\/uploads\/2020\/05\/cropped-cropped-logo9bleu.png\",\"width\":277,\"height\":44,\"caption\":\"Strat\u00e9gie Digitale\"},\"image\":{\"@id\":\"https:\/\/motors.tn\/magazine\/#\/schema\/logo\/image\/\"}},{\"@type\":\"Person\",\"@id\":\"https:\/\/motors.tn\/magazine\/#\/schema\/person\/32d62747ad44c85c8d767e03fbb345cb\",\"name\":\"Aziz\",\"image\":{\"@type\":\"ImageObject\",\"inLanguage\":\"fr-FR\",\"@id\":\"https:\/\/motors.tn\/magazine\/#\/schema\/person\/image\/\",\"url\":\"https:\/\/secure.gravatar.com\/avatar\/9a8fc3278fb24ad2b740f32024c640732522aab79efc9ee9ef972a5af689aa92?s=96&d=mm&r=g\",\"contentUrl\":\"https:\/\/secure.gravatar.com\/avatar\/9a8fc3278fb24ad2b740f32024c640732522aab79efc9ee9ef972a5af689aa92?s=96&d=mm&r=g\",\"caption\":\"Aziz\"},\"url\":\"https:\/\/motors.tn\/magazine\/author\/azizefez34fez\/\"}]}<\/script>\n<!-- \/ Yoast SEO plugin. -->","yoast_head_json":{"title":"MTS Auto Center inaugure son nouveau showroom \u00e0 Gab\u00e8s et renforce sa pr\u00e9sence dans le sud de la Tunisie - Motors.tn","description":"MTS Auto Center, agence agr\u00e9\u00e9e du groupe Ennakl Automobiles, annonce l\u2019inauguration officielle de son nouveau showroom \u00e0 Gab\u00e8s, tenue le vendredi 24 avril 2026.","robots":{"index":"index","follow":"follow","max-snippet":"max-snippet:-1","max-image-preview":"max-image-preview:large","max-video-preview":"max-video-preview:-1"},"canonical":"https:\/\/motors.tn\/magazine\/actualites\/mts-auto-center-annonce-linauguration-officielle-de-son-nouveau-showroom-a-gabes\/","og_locale":"fr_FR","og_type":"article","og_title":"MTS Auto Center inaugure son nouveau showroom \u00e0 Gab\u00e8s et renforce sa pr\u00e9sence dans le sud de la Tunisie - Motors.tn","og_description":"MTS Auto Center, agence agr\u00e9\u00e9e du groupe Ennakl Automobiles, annonce l\u2019inauguration officielle de son nouveau showroom \u00e0 Gab\u00e8s, tenue le vendredi 24 avril 2026.","og_url":"https:\/\/motors.tn\/magazine\/actualites\/mts-auto-center-annonce-linauguration-officielle-de-son-nouveau-showroom-a-gabes\/","og_site_name":"Motors.tn","article_published_time":"2026-04-29T21:41:56+00:00","og_image":[{"width":950,"height":634,"url":"https:\/\/motors.tn\/magazine\/wp-content\/uploads\/2026\/04\/MTS-Auto-Center-inaugure-son-nouveau-showroom-a-Gabes-et-renforce-sa-presence-dans-le-sud-de-la-Tunisie-1.jpg","type":"image\/jpeg"}],"author":"Aziz","twitter_misc":{"\u00c9crit par":false,"Dur\u00e9e de lecture estim\u00e9e":"4 minutes"},"schema":{"@context":"https:\/\/schema.org","@graph":[{"@type":"Article","@id":"https:\/\/motors.tn\/magazine\/actualites\/mts-auto-center-annonce-linauguration-officielle-de-son-nouveau-showroom-a-gabes\/#article","isPartOf":{"@id":"https:\/\/motors.tn\/magazine\/actualites\/mts-auto-center-annonce-linauguration-officielle-de-son-nouveau-showroom-a-gabes\/"},"author":{"name":"Aziz","@id":"https:\/\/motors.tn\/magazine\/#\/schema\/person\/32d62747ad44c85c8d767e03fbb345cb"},"headline":"MTS Auto Center inaugure son nouveau showroom \u00e0 Gab\u00e8s et renforce sa pr\u00e9sence dans le sud de la Tunisie","datePublished":"2026-04-29T21:41:56+00:00","mainEntityOfPage":{"@id":"https:\/\/motors.tn\/magazine\/actualites\/mts-auto-center-annonce-linauguration-officielle-de-son-nouveau-showroom-a-gabes\/"},"wordCount":637,"publisher":{"@id":"https:\/\/motors.tn\/magazine\/#organization"},"image":{"@id":"https:\/\/motors.tn\/magazine\/actualites\/mts-auto-center-annonce-linauguration-officielle-de-son-nouveau-showroom-a-gabes\/#primaryimage"},"thumbnailUrl":"https:\/\/motors.tn\/magazine\/wp-content\/uploads\/2026\/04\/MTS-Auto-Center-inaugure-son-nouveau-showroom-a-Gabes-et-renforce-sa-presence-dans-le-sud-de-la-Tunisie-1.jpg","keywords":["Audi","cupra","ennakl","Seat","Skoda","Volkswagen"],"articleSection":["Actualit\u00e9s"],"inLanguage":"fr-FR"},{"@type":"WebPage","@id":"https:\/\/motors.tn\/magazine\/actualites\/mts-auto-center-annonce-linauguration-officielle-de-son-nouveau-showroom-a-gabes\/","url":"https:\/\/motors.tn\/magazine\/actualites\/mts-auto-center-annonce-linauguration-officielle-de-son-nouveau-showroom-a-gabes\/","name":"MTS Auto Center inaugure son nouveau showroom \u00e0 Gab\u00e8s et renforce sa pr\u00e9sence dans le sud de la Tunisie - Motors.tn","isPartOf":{"@id":"https:\/\/motors.tn\/magazine\/#website"},"primaryImageOfPage":{"@id":"https:\/\/motors.tn\/magazine\/actualites\/mts-auto-center-annonce-linauguration-officielle-de-son-nouveau-showroom-a-gabes\/#primaryimage"},"image":{"@id":"https:\/\/motors.tn\/magazine\/actualites\/mts-auto-center-annonce-linauguration-officielle-de-son-nouveau-showroom-a-gabes\/#primaryimage"},"thumbnailUrl":"https:\/\/motors.tn\/magazine\/wp-content\/uploads\/2026\/04\/MTS-Auto-Center-inaugure-son-nouveau-showroom-a-Gabes-et-renforce-sa-presence-dans-le-sud-de-la-Tunisie-1.jpg","datePublished":"2026-04-29T21:41:56+00:00","description":"MTS Auto Center, agence agr\u00e9\u00e9e du groupe Ennakl Automobiles, annonce l\u2019inauguration officielle de son nouveau showroom \u00e0 Gab\u00e8s, tenue le vendredi 24 avril 2026.","breadcrumb":{"@id":"https:\/\/motors.tn\/magazine\/actualites\/mts-auto-center-annonce-linauguration-officielle-de-son-nouveau-showroom-a-gabes\/#breadcrumb"},"inLanguage":"fr-FR","potentialAction":[{"@type":"ReadAction","target":["https:\/\/motors.tn\/magazine\/actualites\/mts-auto-center-annonce-linauguration-officielle-de-son-nouveau-showroom-a-gabes\/"]}]},{"@type":"ImageObject","inLanguage":"fr-FR","@id":"https:\/\/motors.tn\/magazine\/actualites\/mts-auto-center-annonce-linauguration-officielle-de-son-nouveau-showroom-a-gabes\/#primaryimage","url":"https:\/\/motors.tn\/magazine\/wp-content\/uploads\/2026\/04\/MTS-Auto-Center-inaugure-son-nouveau-showroom-a-Gabes-et-renforce-sa-presence-dans-le-sud-de-la-Tunisie-1.jpg","contentUrl":"https:\/\/motors.tn\/magazine\/wp-content\/uploads\/2026\/04\/MTS-Auto-Center-inaugure-son-nouveau-showroom-a-Gabes-et-renforce-sa-presence-dans-le-sud-de-la-Tunisie-1.jpg","width":950,"height":634},{"@type":"BreadcrumbList","@id":"https:\/\/motors.tn\/magazine\/actualites\/mts-auto-center-annonce-linauguration-officielle-de-son-nouveau-showroom-a-gabes\/#breadcrumb","itemListElement":[{"@type":"ListItem","position":1,"name":"Motors.tn","item":"https:\/\/motors.tn\/magazine\/"},{"@type":"ListItem","position":2,"name":"Actualit\u00e9s","item":"https:\/\/motors.tn\/magazine\/category\/actualites\/"},{"@type":"ListItem","position":3,"name":"MTS Auto Center inaugure son nouveau showroom \u00e0 Gab\u00e8s et renforce sa pr\u00e9sence dans le sud de la Tunisie"}]},{"@type":"WebSite","@id":"https:\/\/motors.tn\/magazine\/#website","url":"https:\/\/motors.tn\/magazine\/","name":"Motors.tn","description":"Actualit\u00e9, prix du neuf et guide d&#039;achat","publisher":{"@id":"https:\/\/motors.tn\/magazine\/#organization"},"potentialAction":[{"@type":"SearchAction","target":{"@type":"EntryPoint","urlTemplate":"https:\/\/motors.tn\/magazine\/?s={search_term_string}"},"query-input":{"@type":"PropertyValueSpecification","valueRequired":true,"valueName":"search_term_string"}}],"inLanguage":"fr-FR"},{"@type":"Organization","@id":"https:\/\/motors.tn\/magazine\/#organization","name":"Strat\u00e9gie Digitale","url":"https:\/\/motors.tn\/magazine\/","logo":{"@type":"ImageObject","inLanguage":"fr-FR","@id":"https:\/\/motors.tn\/magazine\/#\/schema\/logo\/image\/","url":"https:\/\/motors.tn\/magazine\/wp-content\/uploads\/2020\/05\/cropped-cropped-logo9bleu.png","contentUrl":"https:\/\/motors.tn\/magazine\/wp-content\/uploads\/2020\/05\/cropped-cropped-logo9bleu.png","width":277,"height":44,"caption":"Strat\u00e9gie Digitale"},"image":{"@id":"https:\/\/motors.tn\/magazine\/#\/schema\/logo\/image\/"}},{"@type":"Person","@id":"https:\/\/motors.tn\/magazine\/#\/schema\/person\/32d62747ad44c85c8d767e03fbb345cb","name":"Aziz","image":{"@type":"ImageObject","inLanguage":"fr-FR","@id":"https:\/\/motors.tn\/magazine\/#\/schema\/person\/image\/","url":"https:\/\/secure.gravatar.com\/avatar\/9a8fc3278fb24ad2b740f32024c640732522aab79efc9ee9ef972a5af689aa92?s=96&d=mm&r=g","contentUrl":"https:\/\/secure.gravatar.com\/avatar\/9a8fc3278fb24ad2b740f32024c640732522aab79efc9ee9ef972a5af689aa92?s=96&d=mm&r=g","caption":"Aziz"},"url":"https:\/\/motors.tn\/magazine\/author\/azizefez34fez\/"}]}},"_links":{"self":[{"href":"https:\/\/motors.tn\/magazine\/wp-json\/wp\/v2\/posts\/502221","targetHints":{"allow":["GET"]}}],"collection":[{"href":"https:\/\/motors.tn\/magazine\/wp-json\/wp\/v2\/posts"}],"about":[{"href":"https:\/\/motors.tn\/magazine\/wp-json\/wp\/v2\/types\/post"}],"author":[{"embeddable":true,"href":"https:\/\/motors.tn\/magazine\/wp-json\/wp\/v2\/users\/19342"}],"replies":[{"embeddable":true,"href":"https:\/\/motors.tn\/magazine\/wp-json\/wp\/v2\/comments?post=502221"}],"version-history":[{"count":2,"href":"https:\/\/motors.tn\/magazine\/wp-json\/wp\/v2\/posts\/502221\/revisions"}],"predecessor-version":[{"id":502225,"href":"https:\/\/motors.tn\/magazine\/wp-json\/wp\/v2\/posts\/502221\/revisions\/502225"}],"wp:featuredmedia":[{"embeddable":true,"href":"https:\/\/motors.tn\/magazine\/wp-json\/wp\/v2\/media\/502223"}],"wp:attachment":[{"href":"https:\/\/motors.tn\/magazine\/wp-json\/wp\/v2\/media?parent=502221"}],"wp:term":[{"taxonomy":"category","embeddable":true,"href":"https:\/\/motors.tn\/magazine\/wp-json\/wp\/v2\/categories?post=502221"},{"taxonomy":"post_tag","embeddable":true,"href":"https:\/\/motors.tn\/magazine\/wp-json\/wp\/v2\/tags?post=502221"}],"curies":[{"name":"wp","href":"https:\/\/api.w.org\/{rel}","templated":true}]}}